{"id":134820,"date":"2025-04-03T06:00:39","date_gmt":"2025-04-03T09:00:39","guid":{"rendered":"https:\/\/onordeste.com.br\/?p=134820"},"modified":"2025-04-03T06:00:39","modified_gmt":"2025-04-03T09:00:39","slug":"anvisa-suspende-interdicao-de-venda-de-creme-dental","status":"publish","type":"post","link":"https:\/\/iparaiba.com.br\/index.php\/2025\/04\/03\/anvisa-suspende-interdicao-de-venda-de-creme-dental\/","title":{"rendered":"Anvisa suspende interdi\u00e7\u00e3o de venda de creme dental"},"content":{"rendered":"<p><strong>A Ag\u00eancia Nacional de Vigil\u00e2ncia Sanit\u00e1ria (Anvisa) suspendeu a interdi\u00e7\u00e3o do creme dental Colgate Total Clean Mint,\u00a0<a href=\"https:\/\/agenciabrasil.ebc.com.br\/saude\/noticia\/2025-03\/anvisa-suspende-creme-dental-da-colgate-apos-relatos-de-reacoes\" target=\"_blank\" rel=\"noopener\">determinada na \u00faltima quinta-feira (27)<\/a>, ap\u00f3s apresenta\u00e7\u00e3o de recurso pela empresa.\u00a0<\/strong>Ainda assim, a Anvisa\u00a0<a href=\"https:\/\/agenciabrasil.ebc.com.br\/saude\/noticia\/2025-03\/anvisa-alerta-para-uso-de-creme-dental-com-fluoreto-de-estanho\" target=\"_blank\" rel=\"noopener\">emitiu alerta\u00a0<\/a>sobre a possibilidade de ocorr\u00eancia de rea\u00e7\u00f5es indesej\u00e1veis ao uso de cremes dentais que contenham fluoreto de estanho na formula\u00e7\u00e3o.<img decoding=\"async\" src=\"https:\/\/agenciabrasil.ebc.com.br\/ebc.png?id=1636789&amp;o=node\" \/><img decoding=\"async\" src=\"https:\/\/agenciabrasil.ebc.com.br\/ebc.gif?id=1636789&amp;o=node\" \/><\/p>\n<p><strong>A orienta\u00e7\u00e3o \u00e9 que os consumidores e profissionais de sa\u00fade notifiquem as rea\u00e7\u00f5es adversas \u00e0s autoridades sanit\u00e1rias pelo\u00a0<a href=\"https:\/\/notivisa.anvisa.gov.br\/frmLogin.asp\" target=\"_blank\" rel=\"noopener\">sistema e-Notivisa<\/a>.\u00a0<\/strong>\u201cA ag\u00eancia recebeu relatos de eventos adversos que indicam que a presen\u00e7a na formula\u00e7\u00e3o da subst\u00e2ncia fluoreto de estanho, que tem conhecidos benef\u00edcios antimicrobianos e antic\u00e1rie, pode estar associado a rea\u00e7\u00f5es indesej\u00e1veis em alguns usu\u00e1rios\u201d, alerta a Anvisa.<\/p>\n<p>agenciabrasil.ebc<\/p>\n","protected":false},"excerpt":{"rendered":"<p>A Ag\u00eancia Nacional de Vigil\u00e2ncia Sanit\u00e1ria (Anvisa) suspendeu a interdi\u00e7\u00e3o do creme dental Colgate Total Clean Mint,\u00a0determinada na \u00faltima quinta-feira (27), ap\u00f3s apresenta\u00e7\u00e3o de recurso pela empresa.\u00a0Ainda assim, a Anvisa\u00a0emitiu alerta\u00a0sobre a possibilidade de ocorr\u00eancia de rea\u00e7\u00f5es indesej\u00e1veis ao uso de cremes dentais que contenham fluoreto de estanho na formula\u00e7\u00e3o. A orienta\u00e7\u00e3o \u00e9 que os &hellip;<\/p>\n","protected":false},"author":1,"featured_media":110616,"comment_status":"open","ping_status":"open","sticky":false,"template":"","format":"standard","meta":{"footnotes":""},"categories":[6],"tags":[],"class_list":["post-134820","post","type-post","status-publish","format-standard","has-post-thumbnail","hentry","category-destaques"],"_links":{"self":[{"href":"https:\/\/iparaiba.com.br\/index.php\/wp-json\/wp\/v2\/posts\/134820","targetHints":{"allow":["GET"]}}],"collection":[{"href":"https:\/\/iparaiba.com.br\/index.php\/wp-json\/wp\/v2\/posts"}],"about":[{"href":"https:\/\/iparaiba.com.br\/index.php\/wp-json\/wp\/v2\/types\/post"}],"author":[{"embeddable":true,"href":"https:\/\/iparaiba.com.br\/index.php\/wp-json\/wp\/v2\/users\/1"}],"replies":[{"embeddable":true,"href":"https:\/\/iparaiba.com.br\/index.php\/wp-json\/wp\/v2\/comments?post=134820"}],"version-history":[{"count":1,"href":"https:\/\/iparaiba.com.br\/index.php\/wp-json\/wp\/v2\/posts\/134820\/revisions"}],"predecessor-version":[{"id":134855,"href":"https:\/\/iparaiba.com.br\/index.php\/wp-json\/wp\/v2\/posts\/134820\/revisions\/134855"}],"wp:featuredmedia":[{"embeddable":true,"href":"https:\/\/iparaiba.com.br\/index.php\/wp-json\/wp\/v2\/media\/110616"}],"wp:attachment":[{"href":"https:\/\/iparaiba.com.br\/index.php\/wp-json\/wp\/v2\/media?parent=134820"}],"wp:term":[{"taxonomy":"category","embeddable":true,"href":"https:\/\/iparaiba.com.br\/index.php\/wp-json\/wp\/v2\/categories?post=134820"},{"taxonomy":"post_tag","embeddable":true,"href":"https:\/\/iparaiba.com.br\/index.php\/wp-json\/wp\/v2\/tags?post=134820"}],"curies":[{"name":"wp","href":"https:\/\/api.w.org\/{rel}","templated":true}]}}