{"id":134807,"date":"2025-04-01T08:16:58","date_gmt":"2025-04-01T11:16:58","guid":{"rendered":"https:\/\/onordeste.com.br\/?p=134794"},"modified":"2025-04-01T08:16:58","modified_gmt":"2025-04-01T11:16:58","slug":"petrobras-anuncia-reducao-no-preco","status":"publish","type":"post","link":"https:\/\/iparaiba.com.br\/index.php\/2025\/04\/01\/petrobras-anuncia-reducao-no-preco\/","title":{"rendered":"Petrobras anuncia redu\u00e7\u00e3o no pre\u00e7o"},"content":{"rendered":"<p>A Petrobras anunciou nesta segunda-feira (31) a redu\u00e7\u00e3o de R$ 0,17 por litro no pre\u00e7o do \u00f3leo diesel A (utilizado na produ\u00e7\u00e3o do \u00f3leo que chega aos consumidores). A diminui\u00e7\u00e3o de 4,6% passa a valer a partir de ter\u00e7a-feira (1\u00ba).<\/p>\n<p>O an\u00fancio foi feito pela presidente da estatal, Magda Chambriard, durante lan\u00e7amento de um programa para aquisi\u00e7\u00e3o de cr\u00e9dito de carbono, na sede da companhia, no Rio de Janeiro.<\/p>\n<p>O novo valor do combust\u00edvel vendido \u00e0s refinarias ser\u00e1, em m\u00e9dia, de R$ 3,55 por litro. De acordo com c\u00e1lculos da empresa, considerando a mistura obrigat\u00f3ria de 86% de diesel A e 14% de biodiesel para composi\u00e7\u00e3o do diesel B vendido nos postos, a parcela da Petrobras no pre\u00e7o ao consumidor passar\u00e1 a ser de R$ 3,05\/litro, uma redu\u00e7\u00e3o de R$ 0,15 a cada litro de diesel B.<\/p>\n<p>A \u00faltima mudan\u00e7a no pre\u00e7o do diesel tinha sido em 1\u00ba de fevereiro, quando houve alta de R$ 0,22.<\/p>\n<p>A Petrobras informou que, com o novo pre\u00e7o de abril, o diesel barateou R$ 0,94 por litro, representando recuo de 20,9% desde dezembro de 2022, quando houve a mudan\u00e7a de governo Bolsonaro para Lula. Considerando a infla\u00e7\u00e3o do per\u00edodo, a redu\u00e7\u00e3o chega 29%, informou a estatal.<\/p>\n<p>Magda Chambriard refor\u00e7ou a defesa da pol\u00edtica de pre\u00e7os da companhia, alterada em 2023. A atual pol\u00edtica \u00e9 considerada como \u201cabrasileiramento\u201d dos valores, pois leva em conta fatores como o custo da produ\u00e7\u00e3o de petr\u00f3leo no Brasil e a participa\u00e7\u00e3o da Petrobras no mercado consumidor.<\/p>\n<p>A inten\u00e7\u00e3o \u00e9 n\u00e3o trazer para o consumidor brasileiro as flutua\u00e7\u00f5es bruscas dos pre\u00e7os internacionais e manter a estatal competitiva, para n\u00e3o perder mercado para concorrentes. \u201cA gente olha pre\u00e7o a cada 15 dias\u201d, afirmou a presidente.<\/p>\n<p>\u201cSe precisar subir, a gente sobe, se precisar descer, a gente desce. Neste momento, o que a gente est\u00e1 dizendo \u00e9: o abrasileiramento de pre\u00e7os de combust\u00edvel no Brasil gerou uma economia relevante para a sociedade brasileira.\u201d<\/p>\n<p>Ag\u00eancia Brasil<\/p>\n","protected":false},"excerpt":{"rendered":"<p>A Petrobras anunciou nesta segunda-feira (31) a redu\u00e7\u00e3o de R$ 0,17 por litro no pre\u00e7o do \u00f3leo diesel A (utilizado na produ\u00e7\u00e3o do \u00f3leo que chega aos consumidores). A diminui\u00e7\u00e3o de 4,6% passa a valer a partir de ter\u00e7a-feira (1\u00ba). O an\u00fancio foi feito pela presidente da estatal, Magda Chambriard, durante lan\u00e7amento de um programa &hellip;<\/p>\n","protected":false},"author":1,"featured_media":107176,"comment_status":"open","ping_status":"open","sticky":false,"template":"","format":"standard","meta":{"footnotes":""},"categories":[10],"tags":[],"class_list":["post-134807","post","type-post","status-publish","format-standard","has-post-thumbnail","hentry","category-manchetes"],"_links":{"self":[{"href":"https:\/\/iparaiba.com.br\/index.php\/wp-json\/wp\/v2\/posts\/134807","targetHints":{"allow":["GET"]}}],"collection":[{"href":"https:\/\/iparaiba.com.br\/index.php\/wp-json\/wp\/v2\/posts"}],"about":[{"href":"https:\/\/iparaiba.com.br\/index.php\/wp-json\/wp\/v2\/types\/post"}],"author":[{"embeddable":true,"href":"https:\/\/iparaiba.com.br\/index.php\/wp-json\/wp\/v2\/users\/1"}],"replies":[{"embeddable":true,"href":"https:\/\/iparaiba.com.br\/index.php\/wp-json\/wp\/v2\/comments?post=134807"}],"version-history":[{"count":1,"href":"https:\/\/iparaiba.com.br\/index.php\/wp-json\/wp\/v2\/posts\/134807\/revisions"}],"predecessor-version":[{"id":134843,"href":"https:\/\/iparaiba.com.br\/index.php\/wp-json\/wp\/v2\/posts\/134807\/revisions\/134843"}],"wp:featuredmedia":[{"embeddable":true,"href":"https:\/\/iparaiba.com.br\/index.php\/wp-json\/wp\/v2\/media\/107176"}],"wp:attachment":[{"href":"https:\/\/iparaiba.com.br\/index.php\/wp-json\/wp\/v2\/media?parent=134807"}],"wp:term":[{"taxonomy":"category","embeddable":true,"href":"https:\/\/iparaiba.com.br\/index.php\/wp-json\/wp\/v2\/categories?post=134807"},{"taxonomy":"post_tag","embeddable":true,"href":"https:\/\/iparaiba.com.br\/index.php\/wp-json\/wp\/v2\/tags?post=134807"}],"curies":[{"name":"wp","href":"https:\/\/api.w.org\/{rel}","templated":true}]}}