{"id":134806,"date":"2025-04-01T06:00:51","date_gmt":"2025-04-01T09:00:51","guid":{"rendered":"https:\/\/onordeste.com.br\/?p=134792"},"modified":"2025-04-01T06:00:51","modified_gmt":"2025-04-01T09:00:51","slug":"politicas-de-geracao-de-emprego-apresentam-deficiencias-de-governanca","status":"publish","type":"post","link":"https:\/\/iparaiba.com.br\/index.php\/2025\/04\/01\/politicas-de-geracao-de-emprego-apresentam-deficiencias-de-governanca\/","title":{"rendered":"Pol\u00edticas de gera\u00e7\u00e3o de emprego apresentam defici\u00eancias de governan\u00e7a"},"content":{"rendered":"<p>O Tribunal de Contas da Uni\u00e3o (TCU) realizou, sob a relatoria do ministro Aroldo Cedraz, auditoria operacional nas pol\u00edticas de gera\u00e7\u00e3o de emprego com recursos do Fundo de Amparo ao Trabalhador (FAT).<strong>\u00a0A fiscaliza\u00e7\u00e3o avaliou se a aloca\u00e7\u00e3o de recursos do FAT est\u00e1 sendo adequadamente operacionalizada.<\/strong><\/p>\n<p>Essa aloca\u00e7\u00e3o diz respeito \u00e0s\u00a0<strong>pol\u00edticas ativas de gera\u00e7\u00e3o de emprego relacionadas \u00e0 capacita\u00e7\u00e3o para o mercado de trabalho<\/strong>, \u00e0 intermedia\u00e7\u00e3o de m\u00e3o de obra e ao financiamento governamental para gera\u00e7\u00e3o de renda.<\/p>\n<p>O TCU buscou tamb\u00e9m compreender se as estruturas de governan\u00e7a do Minist\u00e9rio do Trabalho e Emprego (MTE) s\u00e3o adequadas para acompanhar essas pol\u00edticas e se os resultados mensurados indicam que h\u00e1\u00a0<strong>retorno social compat\u00edvel com os recursos empregados.<\/strong><\/p>\n","protected":false},"excerpt":{"rendered":"<p>O Tribunal de Contas da Uni\u00e3o (TCU) realizou, sob a relatoria do ministro Aroldo Cedraz, auditoria operacional nas pol\u00edticas de gera\u00e7\u00e3o de emprego com recursos do Fundo de Amparo ao Trabalhador (FAT).\u00a0A fiscaliza\u00e7\u00e3o avaliou se a aloca\u00e7\u00e3o de recursos do FAT est\u00e1 sendo adequadamente operacionalizada. Essa aloca\u00e7\u00e3o diz respeito \u00e0s\u00a0pol\u00edticas ativas de gera\u00e7\u00e3o de emprego &hellip;<\/p>\n","protected":false},"author":1,"featured_media":98157,"comment_status":"open","ping_status":"open","sticky":false,"template":"","format":"standard","meta":{"footnotes":""},"categories":[7],"tags":[],"class_list":["post-134806","post","type-post","status-publish","format-standard","has-post-thumbnail","hentry","category-diversas"],"_links":{"self":[{"href":"https:\/\/iparaiba.com.br\/index.php\/wp-json\/wp\/v2\/posts\/134806","targetHints":{"allow":["GET"]}}],"collection":[{"href":"https:\/\/iparaiba.com.br\/index.php\/wp-json\/wp\/v2\/posts"}],"about":[{"href":"https:\/\/iparaiba.com.br\/index.php\/wp-json\/wp\/v2\/types\/post"}],"author":[{"embeddable":true,"href":"https:\/\/iparaiba.com.br\/index.php\/wp-json\/wp\/v2\/users\/1"}],"replies":[{"embeddable":true,"href":"https:\/\/iparaiba.com.br\/index.php\/wp-json\/wp\/v2\/comments?post=134806"}],"version-history":[{"count":1,"href":"https:\/\/iparaiba.com.br\/index.php\/wp-json\/wp\/v2\/posts\/134806\/revisions"}],"predecessor-version":[{"id":134842,"href":"https:\/\/iparaiba.com.br\/index.php\/wp-json\/wp\/v2\/posts\/134806\/revisions\/134842"}],"wp:featuredmedia":[{"embeddable":true,"href":"https:\/\/iparaiba.com.br\/index.php\/wp-json\/wp\/v2\/media\/98157"}],"wp:attachment":[{"href":"https:\/\/iparaiba.com.br\/index.php\/wp-json\/wp\/v2\/media?parent=134806"}],"wp:term":[{"taxonomy":"category","embeddable":true,"href":"https:\/\/iparaiba.com.br\/index.php\/wp-json\/wp\/v2\/categories?post=134806"},{"taxonomy":"post_tag","embeddable":true,"href":"https:\/\/iparaiba.com.br\/index.php\/wp-json\/wp\/v2\/tags?post=134806"}],"curies":[{"name":"wp","href":"https:\/\/api.w.org\/{rel}","templated":true}]}}