{"id":134787,"date":"2025-03-24T14:35:36","date_gmt":"2025-03-24T17:35:36","guid":{"rendered":"https:\/\/onordeste.com.br\/?p=134747"},"modified":"2025-03-24T14:35:36","modified_gmt":"2025-03-24T17:35:36","slug":"inicio-do-julgamento-de-denuncia-sobre-tentativa-de-golpe-de-estado","status":"publish","type":"post","link":"https:\/\/iparaiba.com.br\/index.php\/2025\/03\/24\/inicio-do-julgamento-de-denuncia-sobre-tentativa-de-golpe-de-estado\/","title":{"rendered":"In\u00edcio do julgamento de den\u00fancia sobre tentativa de golpe de Estado"},"content":{"rendered":"<p>O in\u00edcio do julgamento da den\u00fancia apresentada pela Procuradoria-Geral da Rep\u00fablica (PGR) contra o ex-presidente Jair Bolsonaro e ex-integrantes de seu governo \u00e9 destaque no epis\u00f3dio #145 do podcast Supremo na Semana, que vai ao ar neste s\u00e1bado (22). A an\u00e1lise come\u00e7a na ter\u00e7a-feira (25) na Primeira Turma do STF, e entre os crimes est\u00e3o tentativa de golpe de Estado e aboli\u00e7\u00e3o do Estado Democr\u00e1tico de Direito.<\/p>\n<p>Clique\u00a0<a href=\"https:\/\/open.spotify.com\/show\/6KlYf9BKn4YNKsjDZ8eJKP\">aqui para ouvir<\/a>\u00a0e\u00a0<a href=\"https:\/\/www.youtube.com\/playlist?list=PLippyY19Z47uVfUBc_DlZrQpnnqmnPkT0\">aqui para assistir<\/a>.<\/p>\n<p>Outro destaque \u00e9 o ajuste feito na tese sobre o pagamento de indeniza\u00e7\u00e3o por danos morais por empresas jornal\u00edsticas, caso publiquem entrevista em que o entrevistado atribua falsamente a outra pessoa a pr\u00e1tica de um crime. Entre outros pontos, ficou definido que, em entrevistas ao vivo, o ve\u00edculo n\u00e3o pode ser responsabilizado por declara\u00e7\u00f5es feitas exclusivamente pelo entrevistado.<\/p>\n<p>Outro tema \u00e9 a decis\u00e3o em que o Plen\u00e1rio invalidou uma lei do Estado de S\u00e3o Paulo que destinava parte do or\u00e7amento da Defensoria P\u00fablica local para o pagamento de advogados privados, contratados por meio de conv\u00eanios, para prestar assist\u00eancia jur\u00eddica \u00e0 popula\u00e7\u00e3o vulner\u00e1vel. O entendimento foi de que a lei violou a autonomia das defensorias p\u00fablicas.<\/p>\n<p>Esta edi\u00e7\u00e3o do Supremo na Semana \u00e9 apresentada por Mariana Brasil, analista de redes sociais do STF, e tem coment\u00e1rios de Gisele Reis, analista jur\u00eddica da R\u00e1dio e TV Justi\u00e7a, e de Mauro Burlamaqui, jornalista da Secretaria de Comunica\u00e7\u00e3o Social do STF.<\/p>\n<p>STF<\/p>\n","protected":false},"excerpt":{"rendered":"<p>O in\u00edcio do julgamento da den\u00fancia apresentada pela Procuradoria-Geral da Rep\u00fablica (PGR) contra o ex-presidente Jair Bolsonaro e ex-integrantes de seu governo \u00e9 destaque no epis\u00f3dio #145 do podcast Supremo na Semana, que vai ao ar neste s\u00e1bado (22). A an\u00e1lise come\u00e7a na ter\u00e7a-feira (25) na Primeira Turma do STF, e entre os crimes est\u00e3o &hellip;<\/p>\n","protected":false},"author":1,"featured_media":107888,"comment_status":"open","ping_status":"open","sticky":false,"template":"","format":"standard","meta":{"footnotes":""},"categories":[10],"tags":[],"class_list":["post-134787","post","type-post","status-publish","format-standard","has-post-thumbnail","hentry","category-manchetes"],"_links":{"self":[{"href":"https:\/\/iparaiba.com.br\/index.php\/wp-json\/wp\/v2\/posts\/134787","targetHints":{"allow":["GET"]}}],"collection":[{"href":"https:\/\/iparaiba.com.br\/index.php\/wp-json\/wp\/v2\/posts"}],"about":[{"href":"https:\/\/iparaiba.com.br\/index.php\/wp-json\/wp\/v2\/types\/post"}],"author":[{"embeddable":true,"href":"https:\/\/iparaiba.com.br\/index.php\/wp-json\/wp\/v2\/users\/1"}],"replies":[{"embeddable":true,"href":"https:\/\/iparaiba.com.br\/index.php\/wp-json\/wp\/v2\/comments?post=134787"}],"version-history":[{"count":0,"href":"https:\/\/iparaiba.com.br\/index.php\/wp-json\/wp\/v2\/posts\/134787\/revisions"}],"wp:featuredmedia":[{"embeddable":true,"href":"https:\/\/iparaiba.com.br\/index.php\/wp-json\/wp\/v2\/media\/107888"}],"wp:attachment":[{"href":"https:\/\/iparaiba.com.br\/index.php\/wp-json\/wp\/v2\/media?parent=134787"}],"wp:term":[{"taxonomy":"category","embeddable":true,"href":"https:\/\/iparaiba.com.br\/index.php\/wp-json\/wp\/v2\/categories?post=134787"},{"taxonomy":"post_tag","embeddable":true,"href":"https:\/\/iparaiba.com.br\/index.php\/wp-json\/wp\/v2\/tags?post=134787"}],"curies":[{"name":"wp","href":"https:\/\/api.w.org\/{rel}","templated":true}]}}