{"id":134782,"date":"2025-03-26T15:00:05","date_gmt":"2025-03-26T18:00:05","guid":{"rendered":"https:\/\/onordeste.com.br\/?p=134777"},"modified":"2025-03-26T15:00:05","modified_gmt":"2025-03-26T18:00:05","slug":"trabalhador-com-tuberculose-pode-ter-direito-a-beneficios-previdenciarios","status":"publish","type":"post","link":"https:\/\/iparaiba.com.br\/index.php\/2025\/03\/26\/trabalhador-com-tuberculose-pode-ter-direito-a-beneficios-previdenciarios\/","title":{"rendered":"Trabalhador com tuberculose pode ter direito a benef\u00edcios previdenci\u00e1rios"},"content":{"rendered":"<div class=\"texto-conteudo\">\n<div>\n<p>O Dia Mundial de Combate \u00e0 Tuberculose, celebrado em 24 de mar\u00e7o, foi criado para conscientizar o p\u00fablico sobre a doen\u00e7a e os esfor\u00e7os para elimin\u00e1-la. A tuberculose \u00e9 uma doen\u00e7a infecciosa que afeta principalmente os pulm\u00f5es. O tratamento pode ser longo, mas, se tratada corretamente at\u00e9 o final, a tuberculose tem cura. At\u00e9 por conta do tempo de tratamento, ela pode exigir afastamento do trabalho, gerando preocupa\u00e7\u00e3o para os segurados.<\/p>\n<p>Entretanto, a legisla\u00e7\u00e3o previdenci\u00e1ria assegura aos trabalhadores o direito a alguns benef\u00edcios no INSS. Os principais benef\u00edcios previdenci\u00e1rios para quem tem tuberculose s\u00e3o o aux\u00edlio por incapacidade tempor\u00e1ria e a aposentadoria por incapacidade permanente.<\/p>\n<p>O aux\u00edlio por incapacidade tempor\u00e1ria \u2013 o antigo aux\u00edlio-doen\u00e7a \u2013 \u00e9 um benef\u00edcio pago ao trabalhador que fica impossibilitado de exercer suas atividades durante um determinado per\u00edodo, por motivo de doen\u00e7a ou acidente. No caso da tuberculose, o aux\u00edlio geralmente \u00e9 concedido durante o per\u00edodo de tratamento da doen\u00e7a.<\/p>\n<p>J\u00e1 se o segurado ficar incapacitado total e permanentemente para o trabalho, pode ser concedida a aposentadoria por incapacidade permanente \u2013 a antiga aposentadoria por invalidez. No caso da tuberculose, a aposentadoria pode ser concedida se a doen\u00e7a causar sequelas graves e irrevers\u00edveis que impe\u00e7am o paciente de exercer qualquer atividade profissional.<\/p>\n<p>\u00c9 importante destacar que a tuberculose ativa (quando a doen\u00e7a est\u00e1 ativamente produzindo sintomas e pode ser transmitida para outras pessoas) est\u00e1 na lista de doen\u00e7as graves que dispensam o cumprimento da car\u00eancia. Entretanto, \u00e9 necess\u00e1rio que o trabalhador seja segurado do INSS, ou seja, esteja contribuindo para a Previd\u00eancia Social ou esteja dentro do chamado &#8220;per\u00edodo de gra\u00e7a&#8221;, na data do diagn\u00f3stico da tuberculose.<\/p>\n<p>A per\u00edcia m\u00e9dica tamb\u00e9m \u00e9 fundamental para a concess\u00e3o desses benef\u00edcios. Apenas o perito m\u00e9dico federal pode avaliar se a tuberculose gera a necessidade ou n\u00e3o de afastamento do trabalho.<\/p>\n<p>Os benef\u00edcios por incapacidade podem ser pedidos pelo Meu INSS, no site gov.br\/meuinss ou no aplicativo para celulares. \u00c9 preciso fazer login no sistema e escolher a op\u00e7\u00e3o &#8220;Pedir Benef\u00edcio por Incapacidade&#8221;.<\/p>\n<\/div>\n<\/div>\n<p><a class=\"materia-original\" href=\"https:\/\/www.gov.br\/inss\/pt-br\/noticias\/noticias\/dia-mundial-de-combate-a-tuberculose-trabalhador-com-doenca-pode-ter-direito-a-beneficios-previdenciarios\" target=\"_blank\" rel=\"noopener\">Link: https:\/\/www.gov.br\/inss\/pt-br\/noticias\/noticias\/dia-mundial-de-combate-a-tuberculose-trabalhador-com-doenca-pode-ter-direito-a-beneficios-previdenciarios<\/a><\/p>\n","protected":false},"excerpt":{"rendered":"<p>O Dia Mundial de Combate \u00e0 Tuberculose, celebrado em 24 de mar\u00e7o, foi criado para conscientizar o p\u00fablico sobre a doen\u00e7a e os esfor\u00e7os para elimin\u00e1-la. A tuberculose \u00e9 uma doen\u00e7a infecciosa que afeta principalmente os pulm\u00f5es. O tratamento pode ser longo, mas, se tratada corretamente at\u00e9 o final, a tuberculose tem cura. At\u00e9 por &hellip;<\/p>\n","protected":false},"author":1,"featured_media":109412,"comment_status":"open","ping_status":"open","sticky":false,"template":"","format":"standard","meta":{"footnotes":""},"categories":[2],"tags":[],"class_list":["post-134782","post","type-post","status-publish","format-standard","has-post-thumbnail","hentry","category-saude"],"_links":{"self":[{"href":"https:\/\/iparaiba.com.br\/index.php\/wp-json\/wp\/v2\/posts\/134782","targetHints":{"allow":["GET"]}}],"collection":[{"href":"https:\/\/iparaiba.com.br\/index.php\/wp-json\/wp\/v2\/posts"}],"about":[{"href":"https:\/\/iparaiba.com.br\/index.php\/wp-json\/wp\/v2\/types\/post"}],"author":[{"embeddable":true,"href":"https:\/\/iparaiba.com.br\/index.php\/wp-json\/wp\/v2\/users\/1"}],"replies":[{"embeddable":true,"href":"https:\/\/iparaiba.com.br\/index.php\/wp-json\/wp\/v2\/comments?post=134782"}],"version-history":[{"count":1,"href":"https:\/\/iparaiba.com.br\/index.php\/wp-json\/wp\/v2\/posts\/134782\/revisions"}],"predecessor-version":[{"id":134802,"href":"https:\/\/iparaiba.com.br\/index.php\/wp-json\/wp\/v2\/posts\/134782\/revisions\/134802"}],"wp:featuredmedia":[{"embeddable":true,"href":"https:\/\/iparaiba.com.br\/index.php\/wp-json\/wp\/v2\/media\/109412"}],"wp:attachment":[{"href":"https:\/\/iparaiba.com.br\/index.php\/wp-json\/wp\/v2\/media?parent=134782"}],"wp:term":[{"taxonomy":"category","embeddable":true,"href":"https:\/\/iparaiba.com.br\/index.php\/wp-json\/wp\/v2\/categories?post=134782"},{"taxonomy":"post_tag","embeddable":true,"href":"https:\/\/iparaiba.com.br\/index.php\/wp-json\/wp\/v2\/tags?post=134782"}],"curies":[{"name":"wp","href":"https:\/\/api.w.org\/{rel}","templated":true}]}}