{"id":134781,"date":"2025-03-26T12:13:55","date_gmt":"2025-03-26T15:13:55","guid":{"rendered":"https:\/\/onordeste.com.br\/?p=134775"},"modified":"2025-03-26T12:13:55","modified_gmt":"2025-03-26T15:13:55","slug":"celular-na-escola-publicadas-diretrizes-para-educacao-digital-e-uso-de-celular","status":"publish","type":"post","link":"https:\/\/iparaiba.com.br\/index.php\/2025\/03\/26\/celular-na-escola-publicadas-diretrizes-para-educacao-digital-e-uso-de-celular\/","title":{"rendered":"Celular na escola: publicadas diretrizes para educa\u00e7\u00e3o digital e uso de celular"},"content":{"rendered":"<p style=\"font-weight: 600;\"><span data-contrast=\"auto\">O Conselho Nacional de Educa\u00e7\u00e3o (CNE),\u00a0\u00f3rg\u00e3o\u00a0de participa\u00e7\u00e3o social do Minist\u00e9rio da Educa\u00e7\u00e3o (MEC), publicou, nesta\u00a0segunda\u00a0-feira (<\/span><span data-contrast=\"auto\">24\/3), a\u00a0<\/span><b><a href=\"https:\/\/www.in.gov.br\/en\/web\/dou\/-\/resolucao-cne\/ceb-n-2-de-21-de-marco-de-2025-619301726\"><span data-contrast=\"none\">Resolu\u00e7\u00e3o\u00a0CNE\/CEB\u00a0<\/span><span data-contrast=\"none\">n<\/span><span data-contrast=\"none\">o\u00a0<\/span><span data-contrast=\"none\">2\/<\/span><span data-contrast=\"none\">2025<\/span><\/a><\/b><span data-contrast=\"auto\">,\u00a0que institui as Diretrizes Operacionais Nacionais\u00a0sobre o uso de dispositivos digitais em\u00a0espa\u00e7os\u00a0escolares e\u00a0a\u00a0integra\u00e7\u00e3o\u00a0curricular da\u00a0educa\u00e7\u00e3o\u00a0digital e\u00a0midi\u00e1tica. A medida\u00a0faz parte de\u00a0um\u00a0conjunto de a\u00e7\u00f5es da\u202fEstrat\u00e9gia Nacional Escolas Conectadas\u202f(\u00a0Enec\u00a0),\u00a0que visam\u202fgarantir a educa\u00e7\u00e3o e a cidadania digital nas escolas, promovendo o uso intencional e estrat\u00e9gico da tecnologia para potencializar o ensino e a aprendizagem,\u00a0por meio\u00a0de uma agenda curricular com foco na educa\u00e7\u00e3o digital e midi\u00e1tica\u00a0.<\/span><\/p>\n<p style=\"font-weight: 600;\"><span data-contrast=\"auto\">A resolu\u00e7\u00e3o autoriza o uso dos dispositivos digitais nas escolas por parte dos estudantes para fins pedag\u00f3gicos e sob media\u00e7\u00e3o dos profissionais de educa\u00e7\u00e3o, com orienta\u00e7\u00f5es por etapa de ensino.\u00a0Para outros fins, essa autoriza\u00e7\u00e3o \u00e9\u00a0vedada\u00a0,\u00a0em todos os momentos da rotina escolar, inclusive nos intervalos e fora das salas de aula.<\/span><\/p>\n<p style=\"font-weight: 600;\"><span data-contrast=\"auto\">De acordo com a resolu\u00e7\u00e3o,\u00a0o\u00a0uso de telas e dispositivos digitais\u00a0n\u00e3o \u00e9 recomendado\u00a0para alunos da educa\u00e7\u00e3o infantil,\u00a0podendo ocorrer\u00a0somente\u00a0em\u00a0car\u00e1ter excepcional e\u00a0com media\u00e7\u00e3o do professor respons\u00e1vel.\u00a0O documento orienta que esse uso nos anos iniciais deve ser equilibrado e restrito, garantindo que n\u00e3o haja preju\u00edzo no desenvolvimento de outras habilidades previstas.<\/span><\/p>\n<p style=\"font-weight: 600;\"><span data-contrast=\"auto\">Para o ensino fundamental e m\u00e9dio, o uso \u00e9 recomendado, respeitando compet\u00eancias e habilidades, numa perspectiva de progress\u00e3o gradual alinhada ao desenvolvimento da autonomia do estudante. A permiss\u00e3o\u00a0para portar\u00a0os aparelhos fica a crit\u00e9rio da gest\u00e3o de cada escola, que dever\u00e1 estabelecer, junto com a comunidade escolar, os modelos para guardar os equipamentos durante o per\u00edodo das aulas.<\/span><\/p>\n<p style=\"font-weight: 600;\"><span data-contrast=\"auto\">A depender da realidade de cada institui\u00e7\u00e3o local, os aparelhos podem ficar guardados com os alunos,\u00a0em arm\u00e1rios, caixas coletoras\u00a0,\u00a0compartimentos espec\u00edficos nas salas de aula ou em outros espa\u00e7os dentro da escola.\u00a0H\u00e1, por\u00e9m,\u00a0exce\u00e7\u00f5es, que comportam quest\u00f5es de acessibilidade,\u00a0monitoramento de sa\u00fade,\u00a0situa\u00e7\u00f5es de perigo e\u00a0para garantir o exerc\u00edcio de\u00a0direitos fundamentais.<\/span><\/p>\n<p style=\"font-weight: 600;\"><span data-contrast=\"auto\">O texto\u00a0estipula que as escolas e redes de ensino devem organizar capacita\u00e7\u00f5es e iniciativas para um ambiente acolhedor e preventivo, visando identificar sinais de sofrimento emocional e buscando promover a sa\u00fade mental dos estudantes.<\/span><\/p>\n<p style=\"font-weight: 600;\"><span data-contrast=\"auto\">Competir\u00e1 aos sistemas de ensino e \u00e0s institui\u00e7\u00f5es a definir e implementar estrat\u00e9gias de forma\u00e7\u00e3o continuada dos professores, funcion\u00e1rios e profissionais da educa\u00e7\u00e3o voltadas para a implementa\u00e7\u00e3o digital e o uso pedag\u00f3gico dos aparelhos\u00a0. A resolu\u00e7\u00e3o\u00a0traz\u00a0ainda\u00a0orienta\u00e7\u00f5es curriculares para a implementa\u00e7\u00e3o da educa\u00e7\u00e3o digital e midi\u00e1tica, que deve ser desenvolvida conforme a Base Nacional Comum Curricular (BNCC)\u00a0e\u00a0as\u00a0diretrizes curriculares\u00a0.\u00a0A\u00a0norma\u00a0estabelece ainda\u00a0que a\u00a0elabora\u00e7\u00e3o dos novos curr\u00edculos e planos de forma\u00e7\u00e3o doce\u00a0nte deve\u00a0acontecer\u00a0ao longo d\u00a0e 2025\u00a0, com efetiva implementa\u00e7\u00e3o a partir de 2026.<\/span><\/p>\n<p style=\"font-weight: 600;\"><span data-contrast=\"auto\">O MEC vem atuando por meio\u00a0da\u00a0<\/span><b><a href=\"https:\/\/www.gov.br\/mec\/pt-br\/escolas-conectadas\"><span data-contrast=\"auto\">Estrat\u00e9gia Nacional das Escolas Conectadas (ENEC)\u00a0<\/span><\/a><\/b><span data-contrast=\"auto\">para oferecer uma educa\u00e7\u00e3o com tecnologia voltada para a cidadania digital. Recentemente, o minist\u00e9rio\u00a0lan\u00e7ou o\u00a0<\/span><b><a href=\"https:\/\/mecred.mec.gov.br\/recurso\/365371?collectionId=16306\"><span data-contrast=\"auto\">Guia para o Planejamento da Ado\u00e7\u00e3o de Dispositivos Tecnol\u00f3gicos nas Escolas\u00a0<\/span><\/a><\/b><span data-contrast=\"auto\">,\u00a0al\u00e9m de outros\u00a0materiais de apoio para auxiliar redes no processo de implementa\u00e7\u00e3o da educa\u00e7\u00e3o digital e da Lei n\u00ba\u00a015.100\/2025, que restringe o uso de celulares nas escolas. Os documentos est\u00e3o\u202fdispon\u00edveis\u202fna Plataforma MECRED,\u202fna\u00a0<\/span><b><a href=\"https:\/\/mecred.mec.gov.br\/colecao\/16247\"><span data-contrast=\"auto\">cole\u00e7\u00e3o de\u202fguias e materiais\u202fsobre o tema\u00a0<\/span><\/a><\/b><span data-contrast=\"auto\">.<\/span><\/p>\n<ul>\n<li data-aria-level=\"1\" data-aria-posinset=\"1\" data-font=\"Symbol\" data-leveltext=\"\uf0b7\" data-list-defn-props=\"{&quot;335552541&quot;:1,&quot;335559685&quot;:720,&quot;335559991&quot;:360,&quot;469769226&quot;:&quot;Symbol&quot;,&quot;469769242&quot;:[8226],&quot;469777803&quot;:&quot;left&quot;,&quot;469777804&quot;:&quot;\uf0b7&quot;,&quot;469777815&quot;:&quot;hybridMultilevel&quot;}\" data-listid=\"1\"><b><strong><span data-contrast=\"auto\">Leia mais:\u00a0<\/span><\/strong><\/b><b><a href=\"https:\/\/www.gov.br\/mec\/pt-br\/assuntos\/noticias\/2025\/marco\/guia-orienta-adocao-de-dispositivos-tecnologicos-nas-escolas\"><span data-contrast=\"none\">Guia orienta ado\u00e7\u00e3o de dispositivos tecnol\u00f3gicos nas escolas<\/span><\/a><\/b><\/li>\n<\/ul>\n<p style=\"font-weight: 600;\"><span data-contrast=\"auto\"><b><strong>Legisla\u00e7\u00e3o\u00a0<\/strong><\/b><\/span><span data-contrast=\"auto\">\u2013\u00a0A\u00a0resolu\u00e7\u00e3o \u00e9 fruto\u00a0de ampla discuss\u00e3o do CNE, sob a relatoria do conselheiro Israel Matos Batista, a partir\u00a0da\u00a0<\/span><b><a href=\"https:\/\/www.in.gov.br\/en\/web\/dou\/-\/lei-n-15.100-de-13-de-janeiro-de-2025-606772935\"><span data-contrast=\"none\">Lei n\u00a0\u00ba\u00a015.100\/2025\u00a0<\/span><\/a><\/b><span data-contrast=\"auto\">, que\u00a0<\/span><span data-contrast=\"auto\">restringe a utiliza\u00e7\u00e3o, por estudantes, de\u202faparelhos eletr\u00f4nicos port\u00e1teis pessoais, como\u202fcelulares, nos estabelecimentos p\u00fablicos e privados de\u202fensino da\u202feduca\u00e7\u00e3o b\u00e1sica durante as aulas, recreios e intervalos. A medida visa proteger a sa\u00fade mental, f\u00edsica e ps\u00edquica de crian\u00e7as e adolescentes.<\/span><\/p>\n<p style=\"font-weight: 600;\"><span data-contrast=\"auto\">A Lei prev\u00ea exce\u00e7\u00f5es para o uso de dispositivos m\u00f3veis em atividades educativas, sempre com acompanhamento dos professores,\u202fe\u202fpara estudantes que necessitem de recursos de acessibilidade. Mais do que restringir, a medida busca promover o uso consciente e intencional das tecnologias, refor\u00e7ando a import\u00e2ncia da educa\u00e7\u00e3o digital para o desenvolvimento de compet\u00eancias que preparem os estudantes para uma participa\u00e7\u00e3o cr\u00edtica e respons\u00e1vel no mundo digital.<\/span><\/p>\n<p style=\"font-weight: 600;\"><span data-contrast=\"auto\"><b><strong>Escolas Conectadas\u00a0<\/strong><\/b>\u2013\u00a0<\/span><span data-contrast=\"auto\">A Estrat\u00e9gia Nacional de Escolas Conectadas (\u00a0Enec\u00a0), do MEC, promove a educa\u00e7\u00e3o digital como pilar para a transforma\u00e7\u00e3o das escolas p\u00fablicas, garantindo acesso e uso pedag\u00f3gico seguro da tecnologia. A\u00a0Enec\u00a0articula pol\u00edticas p\u00fablicas para universalizar a conectividade com qualidade e garantir o uso intencional das tecnologias e est\u00e1 estruturada em seis eixos interligados. Na dimens\u00e3o pedag\u00f3gica, al\u00e9m das a\u00e7\u00f5es mencionadas, a Estrat\u00e9gia busca fortalecer o uso da tecnologia de forma consciente e segura a partir de diversas a\u00e7\u00f5es, como:<\/span><\/p>\n<ul>\n<li data-aria-level=\"1\" data-aria-posinset=\"1\" data-font=\"Symbol\" data-leveltext=\"\uf0b7\" data-list-defn-props=\"{&quot;335552541&quot;:1,&quot;335559685&quot;:720,&quot;335559991&quot;:360,&quot;469769226&quot;:&quot;Symbol&quot;,&quot;469769242&quot;:[8226],&quot;469777803&quot;:&quot;left&quot;,&quot;469777804&quot;:&quot;\uf0b7&quot;,&quot;469777815&quot;:&quot;multilevel&quot;}\" data-listid=\"6\"><span data-contrast=\"auto\">Lan\u00e7amento de um Referencial de Saberes Digitais Docentes, com ferramenta de diagn\u00f3stico (56 mil respostas em 2024);<\/span><\/li>\n<\/ul>\n<ul>\n<li data-aria-level=\"1\" data-aria-posinset=\"1\" data-font=\"Symbol\" data-leveltext=\"\uf0b7\" data-list-defn-props=\"{&quot;335552541&quot;:1,&quot;335559685&quot;:720,&quot;335559991&quot;:360,&quot;469769226&quot;:&quot;Symbol&quot;,&quot;469769242&quot;:[8226],&quot;469777803&quot;:&quot;left&quot;,&quot;469777804&quot;:&quot;\uf0b7&quot;,&quot;469777815&quot;:&quot;multilevel&quot;}\" data-listid=\"5\"><span data-contrast=\"auto\">Assessoria t\u00e9cnica \u00e0s redes estaduais para implementa\u00e7\u00e3o curricular da Base Nacional Comum Curricular (BNCC) Computa\u00e7\u00e3o;<\/span><\/li>\n<\/ul>\n<ul>\n<li data-aria-level=\"1\" data-aria-posinset=\"1\" data-font=\"Symbol\" data-leveltext=\"\uf0b7\" data-list-defn-props=\"{&quot;335552541&quot;:1,&quot;335559685&quot;:720,&quot;335559991&quot;:360,&quot;469769226&quot;:&quot;Symbol&quot;,&quot;469769242&quot;:[8226],&quot;469777803&quot;:&quot;left&quot;,&quot;469777804&quot;:&quot;\uf0b7&quot;,&quot;469777815&quot;:&quot;multilevel&quot;}\" data-listid=\"4\"><span data-contrast=\"auto\">Ciclo de semin\u00e1rios e oficinas, promovendo a educa\u00e7\u00e3o digital;<\/span><\/li>\n<\/ul>\n<ul>\n<li data-aria-level=\"1\" data-aria-posinset=\"1\" data-font=\"Symbol\" data-leveltext=\"\uf0b7\" data-list-defn-props=\"{&quot;335552541&quot;:1,&quot;335559685&quot;:720,&quot;335559991&quot;:360,&quot;469769226&quot;:&quot;Symbol&quot;,&quot;469769242&quot;:[8226],&quot;469777803&quot;:&quot;left&quot;,&quot;469777804&quot;:&quot;\uf0b7&quot;,&quot;469777815&quot;:&quot;multilevel&quot;}\" data-listid=\"3\"><span data-contrast=\"auto\">Cria\u00e7\u00e3o de mil laborat\u00f3rios\u00a0maker\u00a0, com investimento de R$ 100 milh\u00f5es, para estimular o letramento digital e a aprendizagem ativa; e<\/span><\/li>\n<\/ul>\n<ul>\n<li data-aria-level=\"1\" data-aria-posinset=\"1\" data-font=\"Symbol\" data-leveltext=\"\uf0b7\" data-list-defn-props=\"{&quot;335552541&quot;:1,&quot;335559685&quot;:720,&quot;335559991&quot;:360,&quot;469769226&quot;:&quot;Symbol&quot;,&quot;469769242&quot;:[8226],&quot;469777803&quot;:&quot;left&quot;,&quot;469777804&quot;:&quot;\uf0b7&quot;,&quot;469777815&quot;:&quot;multilevel&quot;}\" data-listid=\"2\"><span data-contrast=\"auto\">Edital para novos cursos no\u00a0Avamec\u00a0, aprovando 61 cursos e beneficiando mais de 100 mil professores.<\/span><\/li>\n<\/ul>\n<p style=\"font-weight: 600;\"><span data-contrast=\"auto\">Essas a\u00e7\u00f5es impulsionam a inova\u00e7\u00e3o pedag\u00f3gica, fortalecem a forma\u00e7\u00e3o docente e promovem a equidade no letramento digital da comunidade escolar.<\/span><\/p>\n<p><a style=\"font-weight: 500;\" href=\"https:\/\/www.gov.br\/mec\/pt-br\/assuntos\/noticias\/2025\/marco\/cne-publica-diretrizes-para-educacao-digital-e-uso-de-celular\">Link: https:\/\/www.gov.br\/mec\/pt-br\/assuntos\/noticias\/2025\/marco\/cne-publica-diretrizes-para-educacao-digital-e-uso-de-celular<\/a><\/p>\n","protected":false},"excerpt":{"rendered":"<p>O Conselho Nacional de Educa\u00e7\u00e3o (CNE),\u00a0\u00f3rg\u00e3o\u00a0de participa\u00e7\u00e3o social do Minist\u00e9rio da Educa\u00e7\u00e3o (MEC), publicou, nesta\u00a0segunda\u00a0-feira (24\/3), a\u00a0Resolu\u00e7\u00e3o\u00a0CNE\/CEB\u00a0no\u00a02\/2025,\u00a0que institui as Diretrizes Operacionais Nacionais\u00a0sobre o uso de dispositivos digitais em\u00a0espa\u00e7os\u00a0escolares e\u00a0a\u00a0integra\u00e7\u00e3o\u00a0curricular da\u00a0educa\u00e7\u00e3o\u00a0digital e\u00a0midi\u00e1tica. A medida\u00a0faz parte de\u00a0um\u00a0conjunto de a\u00e7\u00f5es da\u202fEstrat\u00e9gia Nacional Escolas Conectadas\u202f(\u00a0Enec\u00a0),\u00a0que visam\u202fgarantir a educa\u00e7\u00e3o e a cidadania digital nas escolas, promovendo o uso intencional e &hellip;<\/p>\n","protected":false},"author":1,"featured_media":98327,"comment_status":"open","ping_status":"open","sticky":false,"template":"","format":"standard","meta":{"footnotes":""},"categories":[6],"tags":[],"class_list":["post-134781","post","type-post","status-publish","format-standard","has-post-thumbnail","hentry","category-destaques"],"_links":{"self":[{"href":"https:\/\/iparaiba.com.br\/index.php\/wp-json\/wp\/v2\/posts\/134781","targetHints":{"allow":["GET"]}}],"collection":[{"href":"https:\/\/iparaiba.com.br\/index.php\/wp-json\/wp\/v2\/posts"}],"about":[{"href":"https:\/\/iparaiba.com.br\/index.php\/wp-json\/wp\/v2\/types\/post"}],"author":[{"embeddable":true,"href":"https:\/\/iparaiba.com.br\/index.php\/wp-json\/wp\/v2\/users\/1"}],"replies":[{"embeddable":true,"href":"https:\/\/iparaiba.com.br\/index.php\/wp-json\/wp\/v2\/comments?post=134781"}],"version-history":[{"count":1,"href":"https:\/\/iparaiba.com.br\/index.php\/wp-json\/wp\/v2\/posts\/134781\/revisions"}],"predecessor-version":[{"id":134801,"href":"https:\/\/iparaiba.com.br\/index.php\/wp-json\/wp\/v2\/posts\/134781\/revisions\/134801"}],"wp:featuredmedia":[{"embeddable":true,"href":"https:\/\/iparaiba.com.br\/index.php\/wp-json\/wp\/v2\/media\/98327"}],"wp:attachment":[{"href":"https:\/\/iparaiba.com.br\/index.php\/wp-json\/wp\/v2\/media?parent=134781"}],"wp:term":[{"taxonomy":"category","embeddable":true,"href":"https:\/\/iparaiba.com.br\/index.php\/wp-json\/wp\/v2\/categories?post=134781"},{"taxonomy":"post_tag","embeddable":true,"href":"https:\/\/iparaiba.com.br\/index.php\/wp-json\/wp\/v2\/tags?post=134781"}],"curies":[{"name":"wp","href":"https:\/\/api.w.org\/{rel}","templated":true}]}}