{"id":134780,"date":"2025-03-26T10:08:21","date_gmt":"2025-03-26T13:08:21","guid":{"rendered":"https:\/\/onordeste.com.br\/?p=134773"},"modified":"2025-03-26T10:08:21","modified_gmt":"2025-03-26T13:08:21","slug":"berao-foi-o-sexto-mais-quente-no-brasil-desde-1961","status":"publish","type":"post","link":"https:\/\/iparaiba.com.br\/index.php\/2025\/03\/26\/berao-foi-o-sexto-mais-quente-no-brasil-desde-1961\/","title":{"rendered":"Ber\u00e3o foi o sexto mais quente no Brasil desde 1961"},"content":{"rendered":"<div class=\"texto-conteudo\">\n<p>O ver\u00e3o 2024\/2025, que se encerrou na quinta-feira (20\/3), foi o sexto mais quente no Brasil desde 1961, com uma temperatura 0,34\u00b0C acima da m\u00e9dia hist\u00f3rica do per\u00edodo de 1991 a 2020.<\/p>\n<p>As temperaturas ficaram acima da m\u00e9dia em grande parte do Brasil. As maiores temperaturas m\u00e1ximas foram observadas, principalmente no Rio Grande do Sul, devido \u00e0 ocorr\u00eancia de tr\u00eas ondas de calor que atuaram no estado: entre os dias 17 e 23 de janeiro de 2025, 2 e 12 de fevereiro de 2025, e 1\u00ba e 8 de mar\u00e7o.<\/p>\n<p>Mesmo sob a influ\u00eancia do La Ni\u00f1a, que tende a reduzir a temperatura m\u00e9dia global, este ver\u00e3o ficou entre os dez mais quentes da s\u00e9rie. Os dados apresentados mostram que as temperaturas no Brasil, durante o ver\u00e3o, t\u00eam ficado acima da m\u00e9dia a partir da d\u00e9cada de 1990.<\/p>\n<p>Os anos de 2023\/2024, 2015\/2016, 1997\/1998 e 2009\/2010 estavam sob influ\u00eancia do fen\u00f4meno El Ni\u00f1o, que \u00e9 o aquecimento acima da m\u00e9dia das \u00e1guas do Oceano Pac\u00edfico Equatorial, potencializando o aumento de temperatura em v\u00e1rias regi\u00f5es do planeta.<\/p>\n<p>O fato \u00e9 que, para o Brasil, esta \u00faltima d\u00e9cada foi mais quente que a anterior, conforme alertado pela Organiza\u00e7\u00e3o Meteorol\u00f3gica Mundial (OMM), que enfatiza o aumento da emiss\u00e3o de gases do efeito estufa na atmosfera e o aquecimento global.<\/p>\n<h4><strong>Muitas chuvas<\/strong><\/h4>\n<p>Paralelamente \u00e0s altas temperaturas, o ver\u00e3o 2024-2025 tamb\u00e9m foi marcado por muitas chuvas no pa\u00eds, principalmente em grande parte da Regi\u00e3o Norte, Maranh\u00e3o e norte do Piau\u00ed, com volumes superiores a 700 mm, e muitas localidades ultrapassando a m\u00e9dia hist\u00f3rica.<\/p>\n<p>Os constantes temporais que atingiram a faixa norte do pa\u00eds durante o ver\u00e3o tiveram como principal respons\u00e1vel o sistema meteorol\u00f3gico Zona de Converg\u00eancia Intertropical (ZCIT), que \u00e9 formado pela conflu\u00eancia dos ventos al\u00edsios provenientes do nordeste, com origem no Hemisf\u00e9rio Norte, e tamb\u00e9m de ventos do sudeste, com origem no Hemisf\u00e9rio Sul.<\/p>\n<p>As chuvas superaram os 500 mm no Centro-Norte do pa\u00eds, exceto em Roraima, no centro-leste da Regi\u00e3o Nordeste, no centro-sul do Mato Grosso do Sul, no oeste de S\u00e3o Paulo, no norte de Minas Gerais, no Esp\u00edrito Santo, no Rio de Janeiro, bem como na parte central e oeste da Regi\u00e3o Sul, onde foram observados menores volumes.<\/p>\n<p>Nas regi\u00f5es Centro-Oeste e Sudeste, as chuvas foram predominantemente abaixo da m\u00e9dia, com valores superando os 600 mm no centro-norte do Mato Grosso e em \u00e1reas pontuais de Goi\u00e1s e S\u00e3o Paulo. Nas demais \u00e1reas, os acumulados de chuva foram mais baixos, variando entre 300 e 500 mm. Neste ver\u00e3o, houve a atua\u00e7\u00e3o de tr\u00eas epis\u00f3dios da Zona de Converg\u00eancia do Atl\u00e2ntico Sul (ZCAS): o primeiro entre os dias 27 e 31 de dezembro de 2024, o segundo entre 6 e 15 de janeiro de 2025, e o \u00faltimo entre os dias 31 de janeiro e 5 de fevereiro de 2025.<\/p>\n<p>Na Regi\u00e3o Sul, a passagem de sistemas frontais e \u00e1reas de instabilidade resultou em chuvas acima de 500 mm sobre a parte leste do Paran\u00e1 e de Santa Catarina. Nas demais \u00e1reas da regi\u00e3o, as chuvas ficaram abaixo da m\u00e9dia, principalmente no oeste do Rio Grande do Sul, onde os volumes de chuva durante o ver\u00e3o ficaram abaixo de 250 mm, sendo que a m\u00e9dia hist\u00f3rica dessa regi\u00e3o nesse per\u00edodo varia entre 400 e 500 mm.<\/p>\n<\/div>\n<p><a class=\"materia-original\" href=\"https:\/\/www.gov.br\/agricultura\/pt-br\/assuntos\/noticias\/verao-2024-2025-foi-o-sexto-mais-quente-no-brasil-desde-1961\" target=\"_blank\" rel=\"noopener\">Link: https:\/\/www.gov.br\/agricultura\/pt-br\/assuntos\/noticias\/verao-2024-2025-foi-o-sexto-mais-quente-no-brasil-desde-1961<\/a><\/p>\n","protected":false},"excerpt":{"rendered":"<p>O ver\u00e3o 2024\/2025, que se encerrou na quinta-feira (20\/3), foi o sexto mais quente no Brasil desde 1961, com uma temperatura 0,34\u00b0C acima da m\u00e9dia hist\u00f3rica do per\u00edodo de 1991 a 2020. As temperaturas ficaram acima da m\u00e9dia em grande parte do Brasil. As maiores temperaturas m\u00e1ximas foram observadas, principalmente no Rio Grande do Sul, &hellip;<\/p>\n","protected":false},"author":1,"featured_media":98820,"comment_status":"open","ping_status":"open","sticky":false,"template":"","format":"standard","meta":{"footnotes":""},"categories":[3],"tags":[],"class_list":["post-134780","post","type-post","status-publish","format-standard","has-post-thumbnail","hentry","category-nordeste"],"_links":{"self":[{"href":"https:\/\/iparaiba.com.br\/index.php\/wp-json\/wp\/v2\/posts\/134780","targetHints":{"allow":["GET"]}}],"collection":[{"href":"https:\/\/iparaiba.com.br\/index.php\/wp-json\/wp\/v2\/posts"}],"about":[{"href":"https:\/\/iparaiba.com.br\/index.php\/wp-json\/wp\/v2\/types\/post"}],"author":[{"embeddable":true,"href":"https:\/\/iparaiba.com.br\/index.php\/wp-json\/wp\/v2\/users\/1"}],"replies":[{"embeddable":true,"href":"https:\/\/iparaiba.com.br\/index.php\/wp-json\/wp\/v2\/comments?post=134780"}],"version-history":[{"count":1,"href":"https:\/\/iparaiba.com.br\/index.php\/wp-json\/wp\/v2\/posts\/134780\/revisions"}],"predecessor-version":[{"id":134800,"href":"https:\/\/iparaiba.com.br\/index.php\/wp-json\/wp\/v2\/posts\/134780\/revisions\/134800"}],"wp:featuredmedia":[{"embeddable":true,"href":"https:\/\/iparaiba.com.br\/index.php\/wp-json\/wp\/v2\/media\/98820"}],"wp:attachment":[{"href":"https:\/\/iparaiba.com.br\/index.php\/wp-json\/wp\/v2\/media?parent=134780"}],"wp:term":[{"taxonomy":"category","embeddable":true,"href":"https:\/\/iparaiba.com.br\/index.php\/wp-json\/wp\/v2\/categories?post=134780"},{"taxonomy":"post_tag","embeddable":true,"href":"https:\/\/iparaiba.com.br\/index.php\/wp-json\/wp\/v2\/tags?post=134780"}],"curies":[{"name":"wp","href":"https:\/\/api.w.org\/{rel}","templated":true}]}}