{"id":134779,"date":"2025-03-26T08:07:04","date_gmt":"2025-03-26T11:07:04","guid":{"rendered":"https:\/\/onordeste.com.br\/?p=134771"},"modified":"2025-03-26T08:07:04","modified_gmt":"2025-03-26T11:07:04","slug":"assembleia-aprova-projeto-que-estabelece-calendario-da-mulher","status":"publish","type":"post","link":"https:\/\/iparaiba.com.br\/index.php\/2025\/03\/26\/assembleia-aprova-projeto-que-estabelece-calendario-da-mulher\/","title":{"rendered":"Assembleia aprova projeto que estabelece Calend\u00e1rio da Mulher"},"content":{"rendered":"<p>A Assembleia Legislativa da Para\u00edba (ALPB) aprovou por unanimidade o Projeto de Lei 3.591\/2025, que institui o Calend\u00e1rio da Mulher no Estado da Para\u00edba. A proposta foi apresentada pelo presidente da Casa de Epit\u00e1cio Pessoa com base nas leis aprovadas pelo Poder Legislativo. Nesta ter\u00e7a-feira (11), os parlamentares tamb\u00e9m aprovaram a cria\u00e7\u00e3o da Semana da Mulher Empreendedora.<\/p>\n<p>O Calend\u00e1rio da Mulher, aprovado com o objetivo de homenagear e proteger as mulheres, traz uma s\u00e9rie de datas que se estendem ao longo de todo o ano e que marcam momentos de grande relev\u00e2ncia para a causa feminina, abordando quest\u00f5es como direitos, sa\u00fade, seguran\u00e7a, bem-estar e igualdade de g\u00eanero. Para o deputado Adriano Galdino, a proposta \u00e9 mais do que uma simples programa\u00e7\u00e3o de datas comemorativas, trata-se de um mecanismo para fortalecer pol\u00edticas p\u00fablicas e incentivar a participa\u00e7\u00e3o ativa da sociedade na cria\u00e7\u00e3o de um ambiente mais inclusivo.<\/p>\n","protected":false},"excerpt":{"rendered":"<p>A Assembleia Legislativa da Para\u00edba (ALPB) aprovou por unanimidade o Projeto de Lei 3.591\/2025, que institui o Calend\u00e1rio da Mulher no Estado da Para\u00edba. A proposta foi apresentada pelo presidente da Casa de Epit\u00e1cio Pessoa com base nas leis aprovadas pelo Poder Legislativo. Nesta ter\u00e7a-feira (11), os parlamentares tamb\u00e9m aprovaram a cria\u00e7\u00e3o da Semana da &hellip;<\/p>\n","protected":false},"author":1,"featured_media":115221,"comment_status":"open","ping_status":"open","sticky":false,"template":"","format":"standard","meta":{"footnotes":""},"categories":[8],"tags":[],"class_list":["post-134779","post","type-post","status-publish","format-standard","has-post-thumbnail","hentry","category-politica"],"_links":{"self":[{"href":"https:\/\/iparaiba.com.br\/index.php\/wp-json\/wp\/v2\/posts\/134779","targetHints":{"allow":["GET"]}}],"collection":[{"href":"https:\/\/iparaiba.com.br\/index.php\/wp-json\/wp\/v2\/posts"}],"about":[{"href":"https:\/\/iparaiba.com.br\/index.php\/wp-json\/wp\/v2\/types\/post"}],"author":[{"embeddable":true,"href":"https:\/\/iparaiba.com.br\/index.php\/wp-json\/wp\/v2\/users\/1"}],"replies":[{"embeddable":true,"href":"https:\/\/iparaiba.com.br\/index.php\/wp-json\/wp\/v2\/comments?post=134779"}],"version-history":[{"count":1,"href":"https:\/\/iparaiba.com.br\/index.php\/wp-json\/wp\/v2\/posts\/134779\/revisions"}],"predecessor-version":[{"id":134799,"href":"https:\/\/iparaiba.com.br\/index.php\/wp-json\/wp\/v2\/posts\/134779\/revisions\/134799"}],"wp:featuredmedia":[{"embeddable":true,"href":"https:\/\/iparaiba.com.br\/index.php\/wp-json\/wp\/v2\/media\/115221"}],"wp:attachment":[{"href":"https:\/\/iparaiba.com.br\/index.php\/wp-json\/wp\/v2\/media?parent=134779"}],"wp:term":[{"taxonomy":"category","embeddable":true,"href":"https:\/\/iparaiba.com.br\/index.php\/wp-json\/wp\/v2\/categories?post=134779"},{"taxonomy":"post_tag","embeddable":true,"href":"https:\/\/iparaiba.com.br\/index.php\/wp-json\/wp\/v2\/tags?post=134779"}],"curies":[{"name":"wp","href":"https:\/\/api.w.org\/{rel}","templated":true}]}}