{"id":134778,"date":"2025-03-26T06:00:19","date_gmt":"2025-03-26T09:00:19","guid":{"rendered":"https:\/\/onordeste.com.br\/?p=134769"},"modified":"2025-03-26T06:00:19","modified_gmt":"2025-03-26T09:00:19","slug":"vereadores-inspecionam-obras-do-complexo-habitacional-beira-rio","status":"publish","type":"post","link":"https:\/\/iparaiba.com.br\/index.php\/2025\/03\/26\/vereadores-inspecionam-obras-do-complexo-habitacional-beira-rio\/","title":{"rendered":"Vereadores inspecionam obras do Complexo Habitacional Beira Rio"},"content":{"rendered":"<p style=\"font-weight: 400;\">Vereadores da C\u00e2mara Municipal de Jo\u00e3o Pessoa (CMJP) participaram de inspe\u00e7\u00e3o das obras do Complexo Habitacional Beira Rio. O prefeito em exerc\u00edcio, Leo Bezerra (PSB), tamb\u00e9m esteve no local e falou sobre o andamento das obras e a participa\u00e7\u00e3o dos parlamentares pessoenses.<\/p>\n<p style=\"font-weight: 400;\">\u201cSer\u00e3o entregues \u00e0 popula\u00e7\u00e3o mais de 700 apartamentos, com \u00e1rea de com\u00e9rcio, um, dois e tr\u00eas quartos. Para mim, \u00e9 motivo de muita satisfa\u00e7\u00e3o estar ao lado dos vereadores, fiscalizando e cobrando essa obra que, com certeza, ir\u00e1 engrandecer ainda mais a habita\u00e7\u00e3o do munic\u00edpio\u201d, afirmou.<\/p>\n<p style=\"font-weight: 400;\">Leo Bezerra disse ainda que as obras est\u00e3o em est\u00e1gio avan\u00e7ado. \u201cN\u00f3s nunca estamos satisfeitos com as datas estabelecidas pelas empreiteiras e, por isso, sempre estamos cobrando mais celeridade. Esperamos entregar j\u00e1 uma parte no anivers\u00e1rio de Jo\u00e3o Pessoa, no dia 05 de agosto, e a outra no final do ano\u201d, acrescentou.<\/p>\n<p style=\"font-weight: 400;\">O presidente da CMJP, Dinho Dowsley (PSD), destacou que todos os vereadores foram convidados, tanto os da situa\u00e7\u00e3o, como os da oposi\u00e7\u00e3o, a participar da inspe\u00e7\u00e3o das obras do Complexo Beira Rio. \u201cEsse \u00e9 um equipamento muito importante para a popula\u00e7\u00e3o e n\u00f3s viemos fiscalizar, ver como est\u00e1 o andamento da obra e a evolu\u00e7\u00e3o da habita\u00e7\u00e3o da nossa cidade\u201d, pontuou.<\/p>\n<p style=\"font-weight: 400;\">Participaram ainda os vereadores Jailma Carvalho (PSB); Toinho P\u00e9 de A\u00e7o (Republicanos); Odon Bezerra (PSB); Lu\u00eds da Padaria (Agir); M\u00f4 Lima (PP); R\u00f4mulo Dantas (Mobiliza); Guguinha Moov Jampa (PSD), Valdir Trindade (Republicanos) e Bosquinho (PV).<\/p>\n<p style=\"font-weight: 400;\">O Complexo Beira Rio \u00e9 formado por oito comunidades beneficiadas por uma s\u00e9rie de iniciativas nos \u00e2mbitos urbano, social e ambiental em Jo\u00e3o Pessoa. O empreendimento inclui o financiamento de conjuntos habitacionais integrais destinados a fam\u00edlias em situa\u00e7\u00e3o de vulnerabilidade.<\/p>\n","protected":false},"excerpt":{"rendered":"<p>Vereadores da C\u00e2mara Municipal de Jo\u00e3o Pessoa (CMJP) participaram de inspe\u00e7\u00e3o das obras do Complexo Habitacional Beira Rio. O prefeito em exerc\u00edcio, Leo Bezerra (PSB), tamb\u00e9m esteve no local e falou sobre o andamento das obras e a participa\u00e7\u00e3o dos parlamentares pessoenses. \u201cSer\u00e3o entregues \u00e0 popula\u00e7\u00e3o mais de 700 apartamentos, com \u00e1rea de com\u00e9rcio, um, &hellip;<\/p>\n","protected":false},"author":1,"featured_media":104130,"comment_status":"open","ping_status":"open","sticky":false,"template":"","format":"standard","meta":{"footnotes":""},"categories":[15],"tags":[],"class_list":["post-134778","post","type-post","status-publish","format-standard","has-post-thumbnail","hentry","category-links"],"_links":{"self":[{"href":"https:\/\/iparaiba.com.br\/index.php\/wp-json\/wp\/v2\/posts\/134778","targetHints":{"allow":["GET"]}}],"collection":[{"href":"https:\/\/iparaiba.com.br\/index.php\/wp-json\/wp\/v2\/posts"}],"about":[{"href":"https:\/\/iparaiba.com.br\/index.php\/wp-json\/wp\/v2\/types\/post"}],"author":[{"embeddable":true,"href":"https:\/\/iparaiba.com.br\/index.php\/wp-json\/wp\/v2\/users\/1"}],"replies":[{"embeddable":true,"href":"https:\/\/iparaiba.com.br\/index.php\/wp-json\/wp\/v2\/comments?post=134778"}],"version-history":[{"count":1,"href":"https:\/\/iparaiba.com.br\/index.php\/wp-json\/wp\/v2\/posts\/134778\/revisions"}],"predecessor-version":[{"id":134798,"href":"https:\/\/iparaiba.com.br\/index.php\/wp-json\/wp\/v2\/posts\/134778\/revisions\/134798"}],"wp:featuredmedia":[{"embeddable":true,"href":"https:\/\/iparaiba.com.br\/index.php\/wp-json\/wp\/v2\/media\/104130"}],"wp:attachment":[{"href":"https:\/\/iparaiba.com.br\/index.php\/wp-json\/wp\/v2\/media?parent=134778"}],"wp:term":[{"taxonomy":"category","embeddable":true,"href":"https:\/\/iparaiba.com.br\/index.php\/wp-json\/wp\/v2\/categories?post=134778"},{"taxonomy":"post_tag","embeddable":true,"href":"https:\/\/iparaiba.com.br\/index.php\/wp-json\/wp\/v2\/tags?post=134778"}],"curies":[{"name":"wp","href":"https:\/\/api.w.org\/{rel}","templated":true}]}}