{"id":134777,"date":"2025-03-25T18:51:59","date_gmt":"2025-03-25T21:51:59","guid":{"rendered":"https:\/\/onordeste.com.br\/?p=134767"},"modified":"2025-03-25T18:51:59","modified_gmt":"2025-03-25T21:51:59","slug":"secretaria-geral-reforca-compromisso-da-oab-com-a-equidade","status":"publish","type":"post","link":"https:\/\/iparaiba.com.br\/index.php\/2025\/03\/25\/secretaria-geral-reforca-compromisso-da-oab-com-a-equidade\/","title":{"rendered":"Secret\u00e1ria-geral refor\u00e7a compromisso da OAB com a equidade"},"content":{"rendered":"<p>Durante a solenidade de posse da nova diretoria da OAB Nacional para o tri\u00eanio 2025-2028, realizada nesta segunda-feira (17\/3), no Centro de Conven\u00e7\u00f5es Ulysses Guimar\u00e3es, a secret\u00e1ria-geral da entidade, Rose Morais, destacou o crescente protagonismo feminino na advocacia e a luta das mulheres por espa\u00e7o na institui\u00e7\u00e3o e na sociedade. A cerim\u00f4nia foi conduzida pelo presidente reeleito da Ordem, Beto Simonetti.<\/p>\n<p>\u201cNo m\u00eas da mulher, celebramos mais um tri\u00eanio de uma gest\u00e3o participativa e inclusiva na OAB Nacional. As mulheres est\u00e3o cada vez mais presentes, participando ativamente, construindo um protagonismo que se reflete no dia a dia da advocacia brasileira\u201d, afirmou.<\/p>\n<p>Na mensagem, transmitida em v\u00eddeo durante a cerim\u00f4nia, a secret\u00e1ria-geral lembrou a trajet\u00f3ria e a contribui\u00e7\u00e3o de Cl\u00e9a Carpi da Rocha, primeira mulher a ocupar o cargo de secret\u00e1ria-geral da OAB e a primeira a receber a medalha Rui Barbosa, maior honraria da advocacia. \u201cHoje, somos a maioria na advocacia, mas foi preciso muita luta para chegarmos at\u00e9 aqui, com a for\u00e7a e a coragem de mulheres como Cl\u00e9a Carpi\u201d, ressaltou.<\/p>\n","protected":false},"excerpt":{"rendered":"<p>Durante a solenidade de posse da nova diretoria da OAB Nacional para o tri\u00eanio 2025-2028, realizada nesta segunda-feira (17\/3), no Centro de Conven\u00e7\u00f5es Ulysses Guimar\u00e3es, a secret\u00e1ria-geral da entidade, Rose Morais, destacou o crescente protagonismo feminino na advocacia e a luta das mulheres por espa\u00e7o na institui\u00e7\u00e3o e na sociedade. A cerim\u00f4nia foi conduzida pelo &hellip;<\/p>\n","protected":false},"author":1,"featured_media":123227,"comment_status":"open","ping_status":"open","sticky":false,"template":"","format":"standard","meta":{"footnotes":""},"categories":[9],"tags":[],"class_list":["post-134777","post","type-post","status-publish","format-standard","has-post-thumbnail","hentry","category-justica"],"_links":{"self":[{"href":"https:\/\/iparaiba.com.br\/index.php\/wp-json\/wp\/v2\/posts\/134777","targetHints":{"allow":["GET"]}}],"collection":[{"href":"https:\/\/iparaiba.com.br\/index.php\/wp-json\/wp\/v2\/posts"}],"about":[{"href":"https:\/\/iparaiba.com.br\/index.php\/wp-json\/wp\/v2\/types\/post"}],"author":[{"embeddable":true,"href":"https:\/\/iparaiba.com.br\/index.php\/wp-json\/wp\/v2\/users\/1"}],"replies":[{"embeddable":true,"href":"https:\/\/iparaiba.com.br\/index.php\/wp-json\/wp\/v2\/comments?post=134777"}],"version-history":[{"count":1,"href":"https:\/\/iparaiba.com.br\/index.php\/wp-json\/wp\/v2\/posts\/134777\/revisions"}],"predecessor-version":[{"id":134797,"href":"https:\/\/iparaiba.com.br\/index.php\/wp-json\/wp\/v2\/posts\/134777\/revisions\/134797"}],"wp:featuredmedia":[{"embeddable":true,"href":"https:\/\/iparaiba.com.br\/index.php\/wp-json\/wp\/v2\/media\/123227"}],"wp:attachment":[{"href":"https:\/\/iparaiba.com.br\/index.php\/wp-json\/wp\/v2\/media?parent=134777"}],"wp:term":[{"taxonomy":"category","embeddable":true,"href":"https:\/\/iparaiba.com.br\/index.php\/wp-json\/wp\/v2\/categories?post=134777"},{"taxonomy":"post_tag","embeddable":true,"href":"https:\/\/iparaiba.com.br\/index.php\/wp-json\/wp\/v2\/tags?post=134777"}],"curies":[{"name":"wp","href":"https:\/\/api.w.org\/{rel}","templated":true}]}}