{"id":134773,"date":"2025-03-25T10:00:54","date_gmt":"2025-03-25T13:00:54","guid":{"rendered":"https:\/\/onordeste.com.br\/?p=134759"},"modified":"2025-03-25T10:00:54","modified_gmt":"2025-03-25T13:00:54","slug":"secretaria-esclarece-sobre-obito-de-paciente-vitima-de-infarto-fulminante","status":"publish","type":"post","link":"https:\/\/iparaiba.com.br\/index.php\/2025\/03\/25\/secretaria-esclarece-sobre-obito-de-paciente-vitima-de-infarto-fulminante\/","title":{"rendered":"Secretaria esclarece sobre \u00f3bito de paciente v\u00edtima de infarto fulminante"},"content":{"rendered":"<p><strong>NOTA<\/strong><\/p>\n<p>A Secretaria de Sa\u00fade de Campina Grande informa a toda a popula\u00e7\u00e3o que um paciente de 62 anos de idade veio a \u00f3bito, na noite deste domingo, 23, na Unidade de Pronto Atendimento Dr. Adhemar Dantas (UPA Dinam\u00e9rica), ap\u00f3s dar entrada na unidade hospitalar, v\u00edtima de infarto.<\/p>\n<p>A despeito das den\u00fancias e informa\u00e7\u00f5es distorcidas sobre o caso, a equipe m\u00e9dica esclarece que a v\u00edtima, que era cardiopata e tinha doen\u00e7as cr\u00f4nicas de base, foi admitida na UPA j\u00e1 em estado de parada cardiorrespirat\u00f3ria. Ao adentrar no servi\u00e7o, o cidad\u00e3o foi prontamente socorrido pela equipe, que j\u00e1 iniciou a tentativa de salvamento.<\/p>\n<p>Entre a chegada na triagem, o diagn\u00f3stico do infarto e a interven\u00e7\u00e3o da equipe decorreram menos de cinco minutos. T\u00e3o logo a enfermeira avaliou o paciente, acionou o m\u00e9dico, que solicitou o exame de eletrocardiograma. O exame foi feito rapidamente e o m\u00e9dico identificou as altera\u00e7\u00f5es, encaminhando imediatamente o paciente para a ala vermelha. No local, os profissionais tentaram fazer as manobras para salvar o idoso durante mais de uma hora, mas infelizmente n\u00e3o foi poss\u00edvel preservar a sua vida.<\/p>\n<p>Durante o processo, os familiares se agitaram na busca por informa\u00e7\u00f5es, que n\u00e3o podiam ser repassadas com exatid\u00e3o, dada a urg\u00eancia e a gravidade do caso. T\u00e3o logo o \u00f3bito foi confirmado, a fam\u00edlia &#8211; como \u00e9 compreens\u00edvel &#8211; n\u00e3o aceitou o desfecho desfavor\u00e1vel e triste. Em raz\u00e3o disso, os acompanhantes do paciente amea\u00e7aram e tentaram agredir a equipe m\u00e9dica e todo o corpo t\u00e9cnico de assist\u00eancia.<\/p>\n<p>A dire\u00e7\u00e3o da UPA Dinam\u00e9rica buscou informar a situa\u00e7\u00e3o, entendendo a dor da fam\u00edlia. Todo o atendimento foi registrado no prontu\u00e1rio e foi disponibilizado aos familiares.<\/p>\n<p>A Secretaria de Sa\u00fade lamenta profundamente pela perda, ressaltando que o atendimento de urg\u00eancia tem um car\u00e1ter imponder\u00e1vel e que a medicina tem seus limites de resolu\u00e7\u00e3o em situa\u00e7\u00f5es extremas.<\/p>\n<div class=\"yj6qo\"><\/div>\n<div class=\"adL\"><\/div>\n","protected":false},"excerpt":{"rendered":"<p>NOTA A Secretaria de Sa\u00fade de Campina Grande informa a toda a popula\u00e7\u00e3o que um paciente de 62 anos de idade veio a \u00f3bito, na noite deste domingo, 23, na Unidade de Pronto Atendimento Dr. Adhemar Dantas (UPA Dinam\u00e9rica), ap\u00f3s dar entrada na unidade hospitalar, v\u00edtima de infarto. A despeito das den\u00fancias e informa\u00e7\u00f5es distorcidas &hellip;<\/p>\n","protected":false},"author":1,"featured_media":106233,"comment_status":"open","ping_status":"open","sticky":false,"template":"","format":"standard","meta":{"footnotes":""},"categories":[2],"tags":[],"class_list":["post-134773","post","type-post","status-publish","format-standard","has-post-thumbnail","hentry","category-saude"],"_links":{"self":[{"href":"https:\/\/iparaiba.com.br\/index.php\/wp-json\/wp\/v2\/posts\/134773","targetHints":{"allow":["GET"]}}],"collection":[{"href":"https:\/\/iparaiba.com.br\/index.php\/wp-json\/wp\/v2\/posts"}],"about":[{"href":"https:\/\/iparaiba.com.br\/index.php\/wp-json\/wp\/v2\/types\/post"}],"author":[{"embeddable":true,"href":"https:\/\/iparaiba.com.br\/index.php\/wp-json\/wp\/v2\/users\/1"}],"replies":[{"embeddable":true,"href":"https:\/\/iparaiba.com.br\/index.php\/wp-json\/wp\/v2\/comments?post=134773"}],"version-history":[{"count":1,"href":"https:\/\/iparaiba.com.br\/index.php\/wp-json\/wp\/v2\/posts\/134773\/revisions"}],"predecessor-version":[{"id":134793,"href":"https:\/\/iparaiba.com.br\/index.php\/wp-json\/wp\/v2\/posts\/134773\/revisions\/134793"}],"wp:featuredmedia":[{"embeddable":true,"href":"https:\/\/iparaiba.com.br\/index.php\/wp-json\/wp\/v2\/media\/106233"}],"wp:attachment":[{"href":"https:\/\/iparaiba.com.br\/index.php\/wp-json\/wp\/v2\/media?parent=134773"}],"wp:term":[{"taxonomy":"category","embeddable":true,"href":"https:\/\/iparaiba.com.br\/index.php\/wp-json\/wp\/v2\/categories?post=134773"},{"taxonomy":"post_tag","embeddable":true,"href":"https:\/\/iparaiba.com.br\/index.php\/wp-json\/wp\/v2\/tags?post=134773"}],"curies":[{"name":"wp","href":"https:\/\/api.w.org\/{rel}","templated":true}]}}