{"id":134770,"date":"2025-03-24T18:00:22","date_gmt":"2025-03-24T21:00:22","guid":{"rendered":"https:\/\/onordeste.com.br\/?p=134753"},"modified":"2025-03-24T18:00:22","modified_gmt":"2025-03-24T21:00:22","slug":"regularize-o-titulo-de-eleitor","status":"publish","type":"post","link":"https:\/\/iparaiba.com.br\/index.php\/2025\/03\/24\/regularize-o-titulo-de-eleitor\/","title":{"rendered":"Regularize o t\u00edtulo de eleitor"},"content":{"rendered":"<p>O prazo s\u00f3 acaba daqui a dois meses, mas quase 30 mil brasileiros j\u00e1 regularizaram o t\u00edtulo de eleitor, garantindo o exerc\u00edcio de uma s\u00e9rie de direitos, como tomar posse em concurso p\u00fablico ou emitir o passaporte para fazer a planejada viagem ao exterior.\u00a0Segundo\u00a0<a href=\"https:\/\/sig.tse.jus.br\/ords\/dwapr\/r\/seai\/sig-faltosos\/home?session=309682040330804\">dados extra\u00eddos das estat\u00edsticas do Tribunal Superior Eleitoral (TSE),<\/a>\u00a0desde o dia 7 de mar\u00e7o, 29.535 pessoas regularizaram sua situa\u00e7\u00e3o e est\u00e3o em dia\u00a0com a Justi\u00e7a Eleitoral.<\/p>\n<p>E voc\u00ea? Sabe se o seu t\u00edtulo est\u00e1 em dia? N\u00e3o deixe para a \u00faltima hora. Verifique a sua situa\u00e7\u00e3o nos sites oficiais da Justi\u00e7a Eleitoral (JE) e, se for o caso, regularize-a at\u00e9 19 de maio.<\/p>\n<p>Ainda h\u00e1\u00a05,253 milh\u00f5es de\u00a0eleitores faltosos no pa\u00eds, isto \u00e9, pessoas que precisam colocar o t\u00edtulo em dia. De acordo com as estat\u00edsticas, a maioria de eleitores faltosos \u00e9 homem (58%). Quanto ao grau de instru\u00e7\u00e3o, o maior n\u00famero de pessoas com o t\u00edtulo irregular corresponde a quem n\u00e3o completou o ensino fundamental (30,33%).<\/p>\n","protected":false},"excerpt":{"rendered":"<p>O prazo s\u00f3 acaba daqui a dois meses, mas quase 30 mil brasileiros j\u00e1 regularizaram o t\u00edtulo de eleitor, garantindo o exerc\u00edcio de uma s\u00e9rie de direitos, como tomar posse em concurso p\u00fablico ou emitir o passaporte para fazer a planejada viagem ao exterior.\u00a0Segundo\u00a0dados extra\u00eddos das estat\u00edsticas do Tribunal Superior Eleitoral (TSE),\u00a0desde o dia 7 &hellip;<\/p>\n","protected":false},"author":1,"featured_media":100052,"comment_status":"open","ping_status":"open","sticky":false,"template":"","format":"standard","meta":{"footnotes":""},"categories":[8],"tags":[],"class_list":["post-134770","post","type-post","status-publish","format-standard","has-post-thumbnail","hentry","category-politica"],"_links":{"self":[{"href":"https:\/\/iparaiba.com.br\/index.php\/wp-json\/wp\/v2\/posts\/134770","targetHints":{"allow":["GET"]}}],"collection":[{"href":"https:\/\/iparaiba.com.br\/index.php\/wp-json\/wp\/v2\/posts"}],"about":[{"href":"https:\/\/iparaiba.com.br\/index.php\/wp-json\/wp\/v2\/types\/post"}],"author":[{"embeddable":true,"href":"https:\/\/iparaiba.com.br\/index.php\/wp-json\/wp\/v2\/users\/1"}],"replies":[{"embeddable":true,"href":"https:\/\/iparaiba.com.br\/index.php\/wp-json\/wp\/v2\/comments?post=134770"}],"version-history":[{"count":1,"href":"https:\/\/iparaiba.com.br\/index.php\/wp-json\/wp\/v2\/posts\/134770\/revisions"}],"predecessor-version":[{"id":134790,"href":"https:\/\/iparaiba.com.br\/index.php\/wp-json\/wp\/v2\/posts\/134770\/revisions\/134790"}],"wp:featuredmedia":[{"embeddable":true,"href":"https:\/\/iparaiba.com.br\/index.php\/wp-json\/wp\/v2\/media\/100052"}],"wp:attachment":[{"href":"https:\/\/iparaiba.com.br\/index.php\/wp-json\/wp\/v2\/media?parent=134770"}],"wp:term":[{"taxonomy":"category","embeddable":true,"href":"https:\/\/iparaiba.com.br\/index.php\/wp-json\/wp\/v2\/categories?post=134770"},{"taxonomy":"post_tag","embeddable":true,"href":"https:\/\/iparaiba.com.br\/index.php\/wp-json\/wp\/v2\/tags?post=134770"}],"curies":[{"name":"wp","href":"https:\/\/api.w.org\/{rel}","templated":true}]}}