{"id":134769,"date":"2025-03-24T16:00:17","date_gmt":"2025-03-24T19:00:17","guid":{"rendered":"https:\/\/onordeste.com.br\/?p=134751"},"modified":"2025-03-24T16:00:17","modified_gmt":"2025-03-24T19:00:17","slug":"tse-e-enfam-firmam-termo-de-cooperacao-para-aperfeicoamento-de-juizes-eleitorais","status":"publish","type":"post","link":"https:\/\/iparaiba.com.br\/index.php\/2025\/03\/24\/tse-e-enfam-firmam-termo-de-cooperacao-para-aperfeicoamento-de-juizes-eleitorais\/","title":{"rendered":"TSE e Enfam firmam termo de coopera\u00e7\u00e3o para aperfei\u00e7oamento de ju\u00edzes eleitorais"},"content":{"rendered":"<p>O Tribunal Superior Eleitoral (TSE) e a Escola Nacional de Forma\u00e7\u00e3o e Aperfei\u00e7oamento de Magistrados (Enfam) firmaram, nesta quinta-feira (13), um Termo de Coopera\u00e7\u00e3o T\u00e9cnica (TCT). O objetivo do acordo \u00e9 promover o aperfei\u00e7oamento e a atualiza\u00e7\u00e3o do conhecimento, por meio de cursos especializados em Direito Eleitoral, de magistrados e magistradas que atuam ou pretendem atuar como ju\u00edzes eleitorais.<\/p>\n<p>Assinaram o acordo a presidente do TSE, ministra C\u00e1rmen L\u00facia, o presidente da Enfam, ministro Benedito Gon\u00e7alves, membro do Superior Tribunal de Justi\u00e7a (STJ), al\u00e9m do diretor da Escola Judici\u00e1ria Eleitoral (EJE) do TSE, ministro Cristiano Zanin. A cerim\u00f4nia de assinatura do acordo ocorreu no gabinete da Presid\u00eancia do Tribunal, em Bras\u00edlia.<\/p>\n<p>Com dura\u00e7\u00e3o de 60 meses, o termo de coopera\u00e7\u00e3o t\u00e9cnica tamb\u00e9m busca melhorar a efici\u00eancia da jurisdi\u00e7\u00e3o eleitoral. Por meio da Escola Judici\u00e1ria Eleitoral (EJE), o TSE ficar\u00e1 respons\u00e1vel por organizar os cursos, criando diretrizes pedag\u00f3gicas com referenciais te\u00f3ricos e jurisprudenciais em Direito Eleitoral. Em contrapartida, a Enfam colaborar\u00e1 com a EJE\/TSE e com as escolas dos tribunais regionais eleitorais (TREs) para implementar as capacita\u00e7\u00f5es.<\/p>\n<p><img decoding=\"async\" class=\"image-richtext image-inline\" title=\"Foto: Alejandro Zambrana\/Secom\/TSE - TSe e Efam assinam termo de coopera\u00e7\u00e3o t\u00e9cnico - 13.03.2025\" src=\"https:\/\/www.tse.jus.br\/imagens\/fotos\/foto-alejandro-zambrana-secom-tse-tse-e-efam-assinam-termo-de-cooperacao-tecnico-13-03-2.2025\/@@images\/6b8ccba2-cb80-4756-a9ac-dd4c6429388e.jpeg\" alt=\"Foto: Alejandro Zambrana\/Secom\/TSE - TSe e Efam assinam termo de coopera\u00e7\u00e3o t\u00e9cnico - 13.03.2025\" \/><\/p>\n<h3 id=\"titulo-0\">Aprimoramento e efici\u00eancia<\/h3>\n<p>A presidente do TSE, ministra C\u00e1rmen L\u00facia, destacou a import\u00e2ncia do acordo enfatizando a relev\u00e2ncia da forma\u00e7\u00e3o cont\u00ednua para ju\u00edzes eleitorais, especialmente nas quest\u00f5es mais atuais do Direito Eleitoral e Digital.<\/p>\n<p>\u201c\u00c9 importante o termo de coopera\u00e7\u00e3o para os ju\u00edzes, que ser\u00e3o ju\u00edzes eleitorais j\u00e1 no pr\u00f3ximo ano, para um aperfei\u00e7oamento e atualiza\u00e7\u00e3o, especialmente em rela\u00e7\u00e3o \u00e0s quest\u00f5es do chamado Direito Digital. Tamb\u00e9m servir\u00e1 para ampliar o conhecimento e a discuss\u00e3o sobre os temas mais candentes e mais atuais da nossa jurisprud\u00eancia\u201d, disse ela.<\/p>\n<p>O acordo prev\u00ea que os ju\u00edzes que participarem das capacita\u00e7\u00f5es contribuam para a elabora\u00e7\u00e3o de conte\u00fado e para a disponibiliza\u00e7\u00e3o de cursos de Direito Eleitoral, garantindo uma forma\u00e7\u00e3o cont\u00ednua e de alta qualidade para o exerc\u00edcio da fun\u00e7\u00e3o.<\/p>\n","protected":false},"excerpt":{"rendered":"<p>O Tribunal Superior Eleitoral (TSE) e a Escola Nacional de Forma\u00e7\u00e3o e Aperfei\u00e7oamento de Magistrados (Enfam) firmaram, nesta quinta-feira (13), um Termo de Coopera\u00e7\u00e3o T\u00e9cnica (TCT). O objetivo do acordo \u00e9 promover o aperfei\u00e7oamento e a atualiza\u00e7\u00e3o do conhecimento, por meio de cursos especializados em Direito Eleitoral, de magistrados e magistradas que atuam ou pretendem &hellip;<\/p>\n","protected":false},"author":1,"featured_media":98915,"comment_status":"open","ping_status":"open","sticky":false,"template":"","format":"standard","meta":{"footnotes":""},"categories":[9],"tags":[],"class_list":["post-134769","post","type-post","status-publish","format-standard","has-post-thumbnail","hentry","category-justica"],"_links":{"self":[{"href":"https:\/\/iparaiba.com.br\/index.php\/wp-json\/wp\/v2\/posts\/134769","targetHints":{"allow":["GET"]}}],"collection":[{"href":"https:\/\/iparaiba.com.br\/index.php\/wp-json\/wp\/v2\/posts"}],"about":[{"href":"https:\/\/iparaiba.com.br\/index.php\/wp-json\/wp\/v2\/types\/post"}],"author":[{"embeddable":true,"href":"https:\/\/iparaiba.com.br\/index.php\/wp-json\/wp\/v2\/users\/1"}],"replies":[{"embeddable":true,"href":"https:\/\/iparaiba.com.br\/index.php\/wp-json\/wp\/v2\/comments?post=134769"}],"version-history":[{"count":1,"href":"https:\/\/iparaiba.com.br\/index.php\/wp-json\/wp\/v2\/posts\/134769\/revisions"}],"predecessor-version":[{"id":134789,"href":"https:\/\/iparaiba.com.br\/index.php\/wp-json\/wp\/v2\/posts\/134769\/revisions\/134789"}],"wp:featuredmedia":[{"embeddable":true,"href":"https:\/\/iparaiba.com.br\/index.php\/wp-json\/wp\/v2\/media\/98915"}],"wp:attachment":[{"href":"https:\/\/iparaiba.com.br\/index.php\/wp-json\/wp\/v2\/media?parent=134769"}],"wp:term":[{"taxonomy":"category","embeddable":true,"href":"https:\/\/iparaiba.com.br\/index.php\/wp-json\/wp\/v2\/categories?post=134769"},{"taxonomy":"post_tag","embeddable":true,"href":"https:\/\/iparaiba.com.br\/index.php\/wp-json\/wp\/v2\/tags?post=134769"}],"curies":[{"name":"wp","href":"https:\/\/api.w.org\/{rel}","templated":true}]}}