{"id":134743,"date":"2025-03-17T08:51:13","date_gmt":"2025-03-17T11:51:13","guid":{"rendered":"https:\/\/onordeste.com.br\/?p=134692"},"modified":"2025-03-17T08:51:13","modified_gmt":"2025-03-17T11:51:13","slug":"nossas-condolencias-a-familia-do-ex-vereador-severino-germano","status":"publish","type":"post","link":"https:\/\/iparaiba.com.br\/index.php\/2025\/03\/17\/nossas-condolencias-a-familia-do-ex-vereador-severino-germano\/","title":{"rendered":"Nossas condol\u00eancias \u00e0 fam\u00edlia do ex-vereador Severino Germano"},"content":{"rendered":"<p data-raofz=\"19\"><a class=\"td-modal-image\" role=\"link\" href=\"https:\/\/www.camaracg.pb.gov.br\/wp-content\/uploads\/2025\/03\/77BD8407-D2C8-456F-ABD4-76BF33A4D510.jpeg\" data-caption=\"Foto: Divulga\u00e7\u00e3o\" data-raofz=\"19\"><img loading=\"lazy\" decoding=\"async\" class=\"entry-thumb\" title=\"77BD8407-D2C8-456F-ABD4-76BF33A4D510\" src=\"https:\/\/www.camaracg.pb.gov.br\/wp-content\/uploads\/2025\/03\/77BD8407-D2C8-456F-ABD4-76BF33A4D510-696x456.jpeg\" sizes=\"auto, (max-width: 696px) 100vw, 696px\" srcset=\"https:\/\/www.camaracg.pb.gov.br\/wp-content\/uploads\/2025\/03\/77BD8407-D2C8-456F-ABD4-76BF33A4D510-696x456.jpeg 696w, https:\/\/www.camaracg.pb.gov.br\/wp-content\/uploads\/2025\/03\/77BD8407-D2C8-456F-ABD4-76BF33A4D510-300x196.jpeg 300w, https:\/\/www.camaracg.pb.gov.br\/wp-content\/uploads\/2025\/03\/77BD8407-D2C8-456F-ABD4-76BF33A4D510-768x503.jpeg 768w, https:\/\/www.camaracg.pb.gov.br\/wp-content\/uploads\/2025\/03\/77BD8407-D2C8-456F-ABD4-76BF33A4D510-150x98.jpeg 150w, https:\/\/www.camaracg.pb.gov.br\/wp-content\/uploads\/2025\/03\/77BD8407-D2C8-456F-ABD4-76BF33A4D510-641x420.jpeg 641w, https:\/\/www.camaracg.pb.gov.br\/wp-content\/uploads\/2025\/03\/77BD8407-D2C8-456F-ABD4-76BF33A4D510-741x486.jpeg 741w, https:\/\/www.camaracg.pb.gov.br\/wp-content\/uploads\/2025\/03\/77BD8407-D2C8-456F-ABD4-76BF33A4D510-24x16.jpeg 24w, https:\/\/www.camaracg.pb.gov.br\/wp-content\/uploads\/2025\/03\/77BD8407-D2C8-456F-ABD4-76BF33A4D510-36x24.jpeg 36w, https:\/\/www.camaracg.pb.gov.br\/wp-content\/uploads\/2025\/03\/77BD8407-D2C8-456F-ABD4-76BF33A4D510-48x31.jpeg 48w, https:\/\/www.camaracg.pb.gov.br\/wp-content\/uploads\/2025\/03\/77BD8407-D2C8-456F-ABD4-76BF33A4D510.jpeg 1023w\" alt=\"\" width=\"696\" height=\"456\" \/><\/a><\/p>\n<p data-raofz=\"19\">Foto: Divulga\u00e7\u00e3o<\/p>\n<p data-raofz=\"19\">Os vereadores que integram a C\u00e2mara Municipal de Campina Grande, ao lado de todos os servidores, lamentam profundamente o falecimento do ex-vereador Severino Germano, ocorrido neste domingo, 16.<\/p>\n<p data-raofz=\"19\">Severino \u00e9 pai do presidente da Casa, Saulo Germano, e do ex-vereador Joselito (J\u00f3ia) Germano, em nome dos quais o parlamento municipal expressa votos de condol\u00eancias a toda a fam\u00edlia e amigos diante da perda t\u00e3o irrepar\u00e1vel.<\/p>\n<p data-raofz=\"19\">Certamente, Severino Germano deixa um legado de trabalho, honradez, amor \u00e0 fam\u00edlia e dedica\u00e7\u00e3o ao povo da cidade, uma hist\u00f3ria que seguir\u00e1 viva na mem\u00f3ria do seu nome, nas marcas de sua passagem por esta Casa e na atua\u00e7\u00e3o dos seus filhos seguindo os passos do pai no exerc\u00edcio da vida p\u00fablica em favor de Campina Grande.<\/p>\n<p data-raofz=\"19\">O vel\u00f3rio ter\u00e1 in\u00edcio na tarde deste domingo, nas depend\u00eancias da C\u00e2mara de Campina Grande e o sepultamento acontecer\u00e1 nesta segunda (17), no Cemit\u00e9rio Campo Santo Parque da Paz.<\/p>\n<p data-raofz=\"19\"><strong>DIVICOM\/CMCG<\/strong><\/p>\n","protected":false},"excerpt":{"rendered":"<p>Foto: Divulga\u00e7\u00e3o Os vereadores que integram a C\u00e2mara Municipal de Campina Grande, ao lado de todos os servidores, lamentam profundamente o falecimento do ex-vereador Severino Germano, ocorrido neste domingo, 16. Severino \u00e9 pai do presidente da Casa, Saulo Germano, e do ex-vereador Joselito (J\u00f3ia) Germano, em nome dos quais o parlamento municipal expressa votos de &hellip;<\/p>\n","protected":false},"author":1,"featured_media":108109,"comment_status":"open","ping_status":"open","sticky":false,"template":"","format":"standard","meta":{"footnotes":""},"categories":[6],"tags":[],"class_list":["post-134743","post","type-post","status-publish","format-standard","has-post-thumbnail","hentry","category-destaques"],"_links":{"self":[{"href":"https:\/\/iparaiba.com.br\/index.php\/wp-json\/wp\/v2\/posts\/134743","targetHints":{"allow":["GET"]}}],"collection":[{"href":"https:\/\/iparaiba.com.br\/index.php\/wp-json\/wp\/v2\/posts"}],"about":[{"href":"https:\/\/iparaiba.com.br\/index.php\/wp-json\/wp\/v2\/types\/post"}],"author":[{"embeddable":true,"href":"https:\/\/iparaiba.com.br\/index.php\/wp-json\/wp\/v2\/users\/1"}],"replies":[{"embeddable":true,"href":"https:\/\/iparaiba.com.br\/index.php\/wp-json\/wp\/v2\/comments?post=134743"}],"version-history":[{"count":0,"href":"https:\/\/iparaiba.com.br\/index.php\/wp-json\/wp\/v2\/posts\/134743\/revisions"}],"wp:featuredmedia":[{"embeddable":true,"href":"https:\/\/iparaiba.com.br\/index.php\/wp-json\/wp\/v2\/media\/108109"}],"wp:attachment":[{"href":"https:\/\/iparaiba.com.br\/index.php\/wp-json\/wp\/v2\/media?parent=134743"}],"wp:term":[{"taxonomy":"category","embeddable":true,"href":"https:\/\/iparaiba.com.br\/index.php\/wp-json\/wp\/v2\/categories?post=134743"},{"taxonomy":"post_tag","embeddable":true,"href":"https:\/\/iparaiba.com.br\/index.php\/wp-json\/wp\/v2\/tags?post=134743"}],"curies":[{"name":"wp","href":"https:\/\/api.w.org\/{rel}","templated":true}]}}