{"id":134738,"date":"2025-03-20T18:34:37","date_gmt":"2025-03-20T21:34:37","guid":{"rendered":"https:\/\/onordeste.com.br\/?p=134738"},"modified":"2025-03-20T18:34:37","modified_gmt":"2025-03-20T21:34:37","slug":"hugo-motta-nao-vamos-permitir-que-a-discussao-do-novo-pne-seja-politizada","status":"publish","type":"post","link":"https:\/\/iparaiba.com.br\/index.php\/2025\/03\/20\/hugo-motta-nao-vamos-permitir-que-a-discussao-do-novo-pne-seja-politizada\/","title":{"rendered":"Hugo Motta: n\u00e3o vamos permitir que a discuss\u00e3o do novo PNE seja politizada"},"content":{"rendered":"<p>O presidente da C\u00e2mara, deputado Hugo Motta (Republicanos-PB), afirmou que n\u00e3o vai permitir que as discuss\u00f5es do novo Plano Nacional de Educa\u00e7\u00e3o (PNE) sejam politizadas com radicalismo e extremismo. Segundo ele, o foco deve ser os recursos a serem melhor investidos, o reconhecimento dos professores, a infraestrutura das escolas, a melhoria da merenda escolar e a aplica\u00e7\u00e3o das novas tecnologias no ensino. Motta discursou no Encontro Anual Educa\u00e7\u00e3o J\u00e1 2025, promovido pela organiza\u00e7\u00e3o Todos pela Educa\u00e7\u00e3o.<\/p>\n<p>O Plano Nacional de Educa\u00e7\u00e3o estabelece diretrizes e metas para o desenvolvimento nacional, estadual e municipal da educa\u00e7\u00e3o. O atual PNE venceu em 25 de junho de 2024, mas uma lei sancionada pelo presidente Lula prorrogou o prazo at\u00e9 o final deste ano. A proposta para a terceira edi\u00e7\u00e3o do plano, de autoria do Poder Executivo (<a class=\"linkProposicao\" href=\"https:\/\/www.camara.leg.br\/noticias\/1077593-novo-plano-de-educacao-institui-metas-para-a-educacao-brasileira-ate-2034\">PL 2614\/24<\/a>), estabelece 18 objetivos a serem cumpridos at\u00e9 2034.<\/p>\n<p>Ag\u00eancia C\u00e2mara de Not\u00edcias<\/p>\n","protected":false},"excerpt":{"rendered":"<p>O presidente da C\u00e2mara, deputado Hugo Motta (Republicanos-PB), afirmou que n\u00e3o vai permitir que as discuss\u00f5es do novo Plano Nacional de Educa\u00e7\u00e3o (PNE) sejam politizadas com radicalismo e extremismo. Segundo ele, o foco deve ser os recursos a serem melhor investidos, o reconhecimento dos professores, a infraestrutura das escolas, a melhoria da merenda escolar e &hellip;<\/p>\n","protected":false},"author":1,"featured_media":123156,"comment_status":"open","ping_status":"open","sticky":false,"template":"","format":"standard","meta":{"footnotes":""},"categories":[8],"tags":[],"class_list":["post-134738","post","type-post","status-publish","format-standard","has-post-thumbnail","hentry","category-politica"],"_links":{"self":[{"href":"https:\/\/iparaiba.com.br\/index.php\/wp-json\/wp\/v2\/posts\/134738","targetHints":{"allow":["GET"]}}],"collection":[{"href":"https:\/\/iparaiba.com.br\/index.php\/wp-json\/wp\/v2\/posts"}],"about":[{"href":"https:\/\/iparaiba.com.br\/index.php\/wp-json\/wp\/v2\/types\/post"}],"author":[{"embeddable":true,"href":"https:\/\/iparaiba.com.br\/index.php\/wp-json\/wp\/v2\/users\/1"}],"replies":[{"embeddable":true,"href":"https:\/\/iparaiba.com.br\/index.php\/wp-json\/wp\/v2\/comments?post=134738"}],"version-history":[{"count":1,"href":"https:\/\/iparaiba.com.br\/index.php\/wp-json\/wp\/v2\/posts\/134738\/revisions"}],"predecessor-version":[{"id":134766,"href":"https:\/\/iparaiba.com.br\/index.php\/wp-json\/wp\/v2\/posts\/134738\/revisions\/134766"}],"wp:featuredmedia":[{"embeddable":true,"href":"https:\/\/iparaiba.com.br\/index.php\/wp-json\/wp\/v2\/media\/123156"}],"wp:attachment":[{"href":"https:\/\/iparaiba.com.br\/index.php\/wp-json\/wp\/v2\/media?parent=134738"}],"wp:term":[{"taxonomy":"category","embeddable":true,"href":"https:\/\/iparaiba.com.br\/index.php\/wp-json\/wp\/v2\/categories?post=134738"},{"taxonomy":"post_tag","embeddable":true,"href":"https:\/\/iparaiba.com.br\/index.php\/wp-json\/wp\/v2\/tags?post=134738"}],"curies":[{"name":"wp","href":"https:\/\/api.w.org\/{rel}","templated":true}]}}