{"id":134736,"date":"2025-03-20T16:00:13","date_gmt":"2025-03-20T19:00:13","guid":{"rendered":"https:\/\/onordeste.com.br\/?p=134736"},"modified":"2025-03-20T16:00:13","modified_gmt":"2025-03-20T19:00:13","slug":"camara-pode-votar-projeto-que-inclui-na-lei-maria-da-penha-punicao-em-caso-de-aproximacao-consensual-do-agressor","status":"publish","type":"post","link":"https:\/\/iparaiba.com.br\/index.php\/2025\/03\/20\/camara-pode-votar-projeto-que-inclui-na-lei-maria-da-penha-punicao-em-caso-de-aproximacao-consensual-do-agressor\/","title":{"rendered":"C\u00e2mara pode votar projeto que inclui na Lei Maria da Penha puni\u00e7\u00e3o em caso de aproxima\u00e7\u00e3o consensual do agressor"},"content":{"rendered":"<p>A C\u00e2mara dos Deputados pode votar, na pr\u00f3xima semana, projeto de lei que tipifica como descumprimento de medida judicial a aproxima\u00e7\u00e3o do agressor de \u00e1reas delimitadas pelo juiz para prote\u00e7\u00e3o de v\u00edtima de viol\u00eancia contra a mulher.<\/p>\n<p>A regra valer\u00e1 mesmo que a aproxima\u00e7\u00e3o ocorra com o consentimento expresso da v\u00edtima, mas somente no caso de aproxima\u00e7\u00e3o volunt\u00e1ria do agressor.<\/p>\n<p>De autoria da deputada Dra. Alessandra Haber (MDB-PA), o <a href=\"https:\/\/www.camara.leg.br\/noticias\/1034836-projeto-classifica-a-aproximacao-consensual-do-agressor-como-descumprimento-de-medida-protetiva\/\">Projeto de Lei 6020\/23<\/a> conta com parecer preliminar da deputada Rog\u00e9ria Santos (Republicanos-BA), no qual ela acrescenta a puni\u00e7\u00e3o pela aproxima\u00e7\u00e3o do agressor da resid\u00eancia ou do local de trabalho da v\u00edtima.<\/p>\n<p>Atualmente, a <span id=\"4349\" class=\"termoGlossario\" title=\"\" contenteditable=\"false\" data-toggle=\"tooltip\" data-placement=\"top\" data-original-title=\"Trata-se da Lei 11.340\/06 que protege as mulheres contra a viol\u00eancia dom\u00e9stica e familiar. A lei torna mais rigorosa a puni\u00e7\u00e3o aos agressores, aumentando o tempo m\u00e1ximo de deten\u00e7\u00e3o de um para tr\u00eas anos. Prev\u00ea ainda a pris\u00e3o em flagrante do agressor e a n\u00e3o aplica\u00e7\u00e3o de penas alternativas (aquelas em que o r\u00e9u \u00e9 condenado a pagar cestas b\u00e1sicas ou multas). Constatada a agress\u00e3o, poder\u00e3o tamb\u00e9m ser aplicadas medidas protetivas como o afastamento do agressor do domic\u00edlio e a proibi\u00e7\u00e3o de sua aproxima\u00e7\u00e3o da ofendida. O nome da lei \u00e9 uma homenagem a Maria da Penha Fernandes, que sobreviveu a duas tentativas de homic\u00eddio praticadas pelo ex-marido.\">Lei Maria da Penha<\/span> estabelece pena de <span id=\"4303\" class=\"termoGlossario\" title=\"\" contenteditable=\"false\" data-toggle=\"tooltip\" data-placement=\"top\" data-original-title=\"A reclus\u00e3o \u00e9 a mais severa entre as penas privativas de liberdade. Destina-se a crimes dolosos (com inten\u00e7\u00e3o).\">reclus\u00e3o<\/span> de 2 a 5 anos e multa para aquele que descumprir decis\u00e3o judicial sobre medidas protetivas de urg\u00eancia previstas na lei.<\/p>\n<p><strong>Crimes ambientais<\/strong><br \/>\nNa pauta consta ainda o <a href=\"https:\/\/www.camara.leg.br\/noticias\/1102764-PROPOSTA-AUMENTA-PENAS-EM-CASO-DE-INCENDIOS-PROVOCADOS-EM-MATAS\">Projeto de Lei 3339\/24<\/a>, do deputado Gerv\u00e1sio Maia (PSB-PB), que aumenta as penas para crimes ambientais e pro\u00edbe aquele que fizer inc\u00eandio em floresta ou demais formas de vegeta\u00e7\u00e3o de contratar com o poder p\u00fablico ou receber subs\u00eddios.<\/p>\n<p>Essa proibi\u00e7\u00e3o ser\u00e1 por cinco anos ap\u00f3s o <span id=\"4142\" class=\"termoGlossario\" title=\"\" contenteditable=\"false\" data-toggle=\"tooltip\" data-placement=\"top\" data-original-title=\"Express\u00e3o usada para uma decis\u00e3o (senten\u00e7a ou ac\u00f3rd\u00e3o) da qual n\u00e3o se pode mais recorrer, seja porque j\u00e1 passou por todos os recursos poss\u00edveis, seja porque o prazo para recorrer terminou. \">tr\u00e2nsito em julgado<\/span> da senten\u00e7a penal condenat\u00f3ria e envolve ainda subven\u00e7\u00f5es ou doa\u00e7\u00f5es receb\u00edveis da administra\u00e7\u00e3o p\u00fablica.<\/p>\n<p>O texto conta com <span id=\"4098\" class=\"termoGlossario\" title=\"\" contenteditable=\"false\" data-toggle=\"tooltip\" data-placement=\"top\" data-original-title=\"Nome que se d\u00e1 ao texto que altera substancialmente o conte\u00fado original da proposta. O substitutivo \u00e9 apresentado pelo relator e tem prefer\u00eancia na vota\u00e7\u00e3o sobre o projeto original.\">substitutivo<\/span> preliminar do deputado Patrus Ananias (PT-MG), que tomou como base o <a href=\"https:\/\/www.camara.leg.br\/noticias\/1129201-PROJETO-DO-GOVERNO-AUMENTA-PUNICAO-PARA-CRIMES-AMBIENTAIS\">PL 4000\/24<\/a>, do Poder Executivo. A reda\u00e7\u00e3o tamb\u00e9m inclui na lei, como agravante de todos os crimes tipificados, a consequ\u00eancia de dificultar a plena presta\u00e7\u00e3o de servi\u00e7os p\u00fablicos, a exemplo de queimadas cuja polui\u00e7\u00e3o impe\u00e7a o tr\u00e2nsito em estradas ou o funcionamento de aeroportos.<\/p>\n<p><strong>Estrat\u00e9gia de sa\u00fade<\/strong><br \/>\nJ\u00e1 o <a href=\"https:\/\/www.camara.leg.br\/noticias\/661666-projeto-cria-a-estrategia-nacional-de-saude\">Projeto de Lei 2583\/20<\/a> institui a Estrat\u00e9gia Nacional de Sa\u00fade e fixa regras para estimular parcerias com empresas de desenvolvimento de dispositivos e insumos m\u00e9dico-hospitalares a serem fornecidos ao Sistema \u00danico de Sa\u00fade (SUS).<\/p>\n<p>De autoria do deputado Doutor Luizinho (PP-RJ) e <a href=\"https:\/\/www.camara.leg.br\/proposicoesWeb\/prop_autores?idProposicao=2252295\">outros<\/a>, o texto prev\u00ea que as Empresas Estrat\u00e9gicas de Sa\u00fade (EES) ter\u00e3o prefer\u00eancia nas compras p\u00fablicas em produtos e servi\u00e7os listados no Plano Estrat\u00e9gico em Sa\u00fade.<\/p>\n<p>Nos editais, deve estar previsto que essas empresas ter\u00e3o prioridade de contrata\u00e7\u00e3o se seus pre\u00e7os forem at\u00e9 20% maiores que o vencedor da licita\u00e7\u00e3o (se o vencedor n\u00e3o for uma EES).<\/p>\n<p>Ag\u00eancia C\u00e2mara de Not\u00edcias<\/p>\n","protected":false},"excerpt":{"rendered":"<p>A C\u00e2mara dos Deputados pode votar, na pr\u00f3xima semana, projeto de lei que tipifica como descumprimento de medida judicial a aproxima\u00e7\u00e3o do agressor de \u00e1reas delimitadas pelo juiz para prote\u00e7\u00e3o de v\u00edtima de viol\u00eancia contra a mulher. A regra valer\u00e1 mesmo que a aproxima\u00e7\u00e3o ocorra com o consentimento expresso da v\u00edtima, mas somente no caso &hellip;<\/p>\n","protected":false},"author":1,"featured_media":97649,"comment_status":"open","ping_status":"open","sticky":false,"template":"","format":"standard","meta":{"footnotes":""},"categories":[8],"tags":[],"class_list":["post-134736","post","type-post","status-publish","format-standard","has-post-thumbnail","hentry","category-politica"],"_links":{"self":[{"href":"https:\/\/iparaiba.com.br\/index.php\/wp-json\/wp\/v2\/posts\/134736","targetHints":{"allow":["GET"]}}],"collection":[{"href":"https:\/\/iparaiba.com.br\/index.php\/wp-json\/wp\/v2\/posts"}],"about":[{"href":"https:\/\/iparaiba.com.br\/index.php\/wp-json\/wp\/v2\/types\/post"}],"author":[{"embeddable":true,"href":"https:\/\/iparaiba.com.br\/index.php\/wp-json\/wp\/v2\/users\/1"}],"replies":[{"embeddable":true,"href":"https:\/\/iparaiba.com.br\/index.php\/wp-json\/wp\/v2\/comments?post=134736"}],"version-history":[{"count":1,"href":"https:\/\/iparaiba.com.br\/index.php\/wp-json\/wp\/v2\/posts\/134736\/revisions"}],"predecessor-version":[{"id":134765,"href":"https:\/\/iparaiba.com.br\/index.php\/wp-json\/wp\/v2\/posts\/134736\/revisions\/134765"}],"wp:featuredmedia":[{"embeddable":true,"href":"https:\/\/iparaiba.com.br\/index.php\/wp-json\/wp\/v2\/media\/97649"}],"wp:attachment":[{"href":"https:\/\/iparaiba.com.br\/index.php\/wp-json\/wp\/v2\/media?parent=134736"}],"wp:term":[{"taxonomy":"category","embeddable":true,"href":"https:\/\/iparaiba.com.br\/index.php\/wp-json\/wp\/v2\/categories?post=134736"},{"taxonomy":"post_tag","embeddable":true,"href":"https:\/\/iparaiba.com.br\/index.php\/wp-json\/wp\/v2\/tags?post=134736"}],"curies":[{"name":"wp","href":"https:\/\/api.w.org\/{rel}","templated":true}]}}