{"id":134734,"date":"2025-03-20T12:00:23","date_gmt":"2025-03-20T15:00:23","guid":{"rendered":"https:\/\/onordeste.com.br\/?p=134732"},"modified":"2025-03-20T12:00:23","modified_gmt":"2025-03-20T15:00:23","slug":"acao-judicial-para-isencao-de-ir-por-doenca-grave-nao-precisa-de-pedido-administrativo-anterior","status":"publish","type":"post","link":"https:\/\/iparaiba.com.br\/index.php\/2025\/03\/20\/acao-judicial-para-isencao-de-ir-por-doenca-grave-nao-precisa-de-pedido-administrativo-anterior\/","title":{"rendered":"A\u00e7\u00e3o judicial para isen\u00e7\u00e3o de IR por doen\u00e7a grave n\u00e3o precisa de pedido administrativo anterior"},"content":{"rendered":"<p>O Plen\u00e1rio do Supremo Tribunal Federal (STF) reafirmou entendimento de que n\u00e3o \u00e9 necess\u00e1rio requerimento pr\u00e9vio na esfera administrativa para que a pessoa possa recorrer \u00e0 Justi\u00e7a a fim de reconhecer o direito \u00e0 isen\u00e7\u00e3o do Imposto de Renda por doen\u00e7a grave e receber de volta tributos indevidos. A decis\u00e3o foi tomada no julgamento do Recurso Extraordin\u00e1rio\u00a0<strong><a href=\"https:\/\/portal.stf.jus.br\/processos\/detalhe.asp?incidente=7093152\" target=\"_blank\" rel=\"noreferrer noopener\" data-type=\"URL\" data-id=\"https:\/\/portal.stf.jus.br\/processos\/detalhe.asp?incidente=7093152\">(RE) 1525407<\/a><\/strong>, que teve repercuss\u00e3o geral reconhecida (Tema 1.373) e m\u00e9rito julgado em delibera\u00e7\u00e3o do Plen\u00e1rio Virtual. A tese fixada ser\u00e1 aplicada a todos os demais casos semelhantes em tramita\u00e7\u00e3o na Justi\u00e7a.<\/p>\n<h5 class=\"wp-block-heading\"><strong>Via administrativa<\/strong><\/h5>\n<p>No recurso, um homem questionava decis\u00e3o do Tribunal de Justi\u00e7a do Cear\u00e1 (TJ-CE) que manteve a extin\u00e7\u00e3o de seu processo sob o fundamento de que a isen\u00e7\u00e3o n\u00e3o foi requerida previamente pela via administrativa. Para a Justi\u00e7a estadual, o Poder Judici\u00e1rio n\u00e3o \u00e9 o canal inicial para pretens\u00f5es que podem ser solucionadas administrativamente.<\/p>\n<p>Ao STF, o cidad\u00e3o argumentava que a exig\u00eancia de condi\u00e7\u00e3o espec\u00edfica para o leg\u00edtimo exerc\u00edcio de a\u00e7\u00e3o violaria a garantia de acesso \u00e0 Justi\u00e7a<\/p>\n<h5 class=\"wp-block-heading\"><strong>Direito de a\u00e7\u00e3o<\/strong><\/h5>\n<p>Em sua manifesta\u00e7\u00e3o pelo reconhecimento da repercuss\u00e3o geral da mat\u00e9ria e pela reafirma\u00e7\u00e3o do entendimento do Tribunal, o presidente do STF, ministro Lu\u00eds Roberto Barroso (relator), afirmou que a jurisprud\u00eancia do Supremo admite a exig\u00eancia de requerimento administrativo pr\u00e9vio para caracteriza\u00e7\u00e3o de interesse de agir em demanda contra o poder p\u00fablico (Tema 350, relativo ao INSS). Contudo, para demandas de isen\u00e7\u00e3o de Imposto de Renda por doen\u00e7a grave e de devolu\u00e7\u00e3o de valores (repeti\u00e7\u00e3o do ind\u00e9bito), o entendimento da Corte \u00e9 de que o requerimento administrativo pr\u00e9vio n\u00e3o \u00e9 necess\u00e1rio para o exerc\u00edcio do direito de a\u00e7\u00e3o.<\/p>\n<h5 class=\"wp-block-heading\"><strong>Tese<\/strong><\/h5>\n<p>A tese de repercuss\u00e3o geral firmada foi a seguinte:<\/p>\n<p>\u201cO ajuizamento de a\u00e7\u00e3o para o reconhecimento de isen\u00e7\u00e3o de imposto de renda por doen\u00e7a grave e para a repeti\u00e7\u00e3o do ind\u00e9bito tribut\u00e1rio n\u00e3o exige pr\u00e9vio requerimento administrativo\u201d.<\/p>\n","protected":false},"excerpt":{"rendered":"<p>O Plen\u00e1rio do Supremo Tribunal Federal (STF) reafirmou entendimento de que n\u00e3o \u00e9 necess\u00e1rio requerimento pr\u00e9vio na esfera administrativa para que a pessoa possa recorrer \u00e0 Justi\u00e7a a fim de reconhecer o direito \u00e0 isen\u00e7\u00e3o do Imposto de Renda por doen\u00e7a grave e receber de volta tributos indevidos. A decis\u00e3o foi tomada no julgamento do &hellip;<\/p>\n","protected":false},"author":1,"featured_media":106738,"comment_status":"open","ping_status":"open","sticky":false,"template":"","format":"standard","meta":{"footnotes":""},"categories":[2],"tags":[],"class_list":["post-134734","post","type-post","status-publish","format-standard","has-post-thumbnail","hentry","category-saude"],"_links":{"self":[{"href":"https:\/\/iparaiba.com.br\/index.php\/wp-json\/wp\/v2\/posts\/134734","targetHints":{"allow":["GET"]}}],"collection":[{"href":"https:\/\/iparaiba.com.br\/index.php\/wp-json\/wp\/v2\/posts"}],"about":[{"href":"https:\/\/iparaiba.com.br\/index.php\/wp-json\/wp\/v2\/types\/post"}],"author":[{"embeddable":true,"href":"https:\/\/iparaiba.com.br\/index.php\/wp-json\/wp\/v2\/users\/1"}],"replies":[{"embeddable":true,"href":"https:\/\/iparaiba.com.br\/index.php\/wp-json\/wp\/v2\/comments?post=134734"}],"version-history":[{"count":1,"href":"https:\/\/iparaiba.com.br\/index.php\/wp-json\/wp\/v2\/posts\/134734\/revisions"}],"predecessor-version":[{"id":134763,"href":"https:\/\/iparaiba.com.br\/index.php\/wp-json\/wp\/v2\/posts\/134734\/revisions\/134763"}],"wp:featuredmedia":[{"embeddable":true,"href":"https:\/\/iparaiba.com.br\/index.php\/wp-json\/wp\/v2\/media\/106738"}],"wp:attachment":[{"href":"https:\/\/iparaiba.com.br\/index.php\/wp-json\/wp\/v2\/media?parent=134734"}],"wp:term":[{"taxonomy":"category","embeddable":true,"href":"https:\/\/iparaiba.com.br\/index.php\/wp-json\/wp\/v2\/categories?post=134734"},{"taxonomy":"post_tag","embeddable":true,"href":"https:\/\/iparaiba.com.br\/index.php\/wp-json\/wp\/v2\/tags?post=134734"}],"curies":[{"name":"wp","href":"https:\/\/api.w.org\/{rel}","templated":true}]}}