{"id":134730,"date":"2025-03-19T18:22:37","date_gmt":"2025-03-19T21:22:37","guid":{"rendered":"https:\/\/onordeste.com.br\/?p=134724"},"modified":"2025-03-19T18:22:37","modified_gmt":"2025-03-19T21:22:37","slug":"como-as-mudancas-climaticas-afetam-a-saude-da-populacao","status":"publish","type":"post","link":"https:\/\/iparaiba.com.br\/index.php\/2025\/03\/19\/como-as-mudancas-climaticas-afetam-a-saude-da-populacao\/","title":{"rendered":"Como as mudan\u00e7as clim\u00e1ticas afetam a sa\u00fade da popula\u00e7\u00e3o?"},"content":{"rendered":"<div class=\"texto-conteudo\">\n<p>Voc\u00ea j\u00e1 parou para refletir sobre como as mudan\u00e7as do clima podem impactar sua sa\u00fade? O Dia Nacional de Conscientiza\u00e7\u00e3o sobre as Mudan\u00e7as Clim\u00e1ticas, 16 de mar\u00e7o, institu\u00eddo pela\u00a0<a title=\"URL original: https:\/\/www.planalto.gov.br\/ccivil_03\/_ato2011-2014\/2011\/lei\/l12533.htm. Clique ou toque se voc\u00ea confiar neste link.\" href=\"https:\/\/nam10.safelinks.protection.outlook.com\/?url=https%3A%2F%2Fwww.planalto.gov.br%2Fccivil_03%2F_ato2011-2014%2F2011%2Flei%2Fl12533.htm&amp;data=05|02|Danielle.Aguiar%40ebserh.gov.br|2f2ee1cd65f449d9741508dd61745c4a|64d34dddaff04d95b7f10734a5c845e5|0|0|638773874588642407|Unknown|TWFpbGZsb3d8eyJFbXB0eU1hcGkiOnRydWUsIlYiOiIwLjAuMDAwMCIsIlAiOiJXaW4zMiIsIkFOIjoiTWFpbCIsIldUIjoyfQ%3D%3D|0|||&amp;sdata=59vX3LwJFo7iqaoFpxwOszUaU9oO8ZL94h1Vy7zeClE%3D&amp;reserved=0\">Lei n\u00ba 12.533\/2011\u00a0<\/a>, \u00e9 uma oportunidade para analisar essas altera\u00e7\u00f5es e pensar o que pode ser feito para enfrent\u00e1-las. Neste contexto, e em ano de Confer\u00eancia das Na\u00e7\u00f5es Unidas sobre as Mudan\u00e7as Clim\u00e1ticas de 2025 no Brasil (Cop 30), a Empresa Brasileira de Servi\u00e7os Hospitalares (Ebserh), faz um alerta: as mudan\u00e7as clim\u00e1ticas s\u00e3o um desafio para a sa\u00fade p\u00fablica.<\/p>\n<p>Nesta primeira reportagem da s\u00e9rie especial \u201cClima e Sa\u00fade\u201d, especialistas de hospitais universit\u00e1rios federais gerenciados pela Ebserh explicam como as mudan\u00e7as clim\u00e1ticas, que geram\u00a0aumento de doen\u00e7as respirat\u00f3rias e infecciosas, por exemplo, exigem aten\u00e7\u00e3o e a\u00e7\u00e3o imediatas.<\/p>\n<h4><strong>Aumento de doen\u00e7as infecciosas<\/strong><\/h4>\n<p>Segundo Moara Santa B\u00e1rbara, infectologista do Hospital das Cl\u00ednicas da Universidade Federal de Goi\u00e1s (HC-UFG), os eventos clim\u00e1ticos extremos est\u00e3o alterando o cen\u00e1rio epidemiol\u00f3gico brasileiro. \u201cChuvas intensas seguidas por altas temperaturas criam condi\u00e7\u00f5es ideais para a prolifera\u00e7\u00e3o de vetores, como o\u00a0<em>Aedes aegypti\u00a0<\/em>, transmissor de dengue, zika e chikungunya\u201d, explicou. O mosquito se reproduz em pequenas quantidades de \u00e1gua limpa e parada, e seus ovos podem resistir ao ressecamento entre as esta\u00e7\u00f5es chuvosas. \u201cOs desastres naturais causados pelas mudan\u00e7as clim\u00e1ticas aumentam a oferta de criadouros devido ao ac\u00famulo de entulhos e reservat\u00f3rios de \u00e1gua estagnada\u201d, completou.<\/p>\n<p>Al\u00e9m das doen\u00e7as transmitidas pelo\u00a0<em>Aedes aegypti\u00a0<\/em>, outras enfermidades causadas por vetores como mosquitos e carrapatos, incluindo febre amarela, mal\u00e1ria, leishmaniose, filariose e febre maculosa, tamb\u00e9m v\u00eam expandindo sua \u00e1rea de ocorr\u00eancia. \u201cNos \u00faltimos anos, a expans\u00e3o geogr\u00e1fica dessas doen\u00e7as tem sido evidente, com registros de casos em \u00e1reas onde antes eram raros ou inexistentes\u201d, observou Moara. A infectologista refor\u00e7ou a import\u00e2ncia de medidas preventivas. \u201cA preven\u00e7\u00e3o das doen\u00e7as transmitidas pelo\u00a0<em>Aedes aegypti\u00a0<\/em>exige aten\u00e7\u00e3o especial a reservat\u00f3rios de \u00e1gua parada, elimina\u00e7\u00e3o de entulhos e res\u00edduos e uso de produtos saneantes para higienizar \u00e1reas alagadas\u201d, orientou Moara.<\/p>\n<p>O infectologista Hilton Alves Filho, chefe da Unidade de Vigil\u00e2ncia em Sa\u00fade do Hospital Escola da Universidade Federal de Pelotas (HE-UFPel), tamb\u00e9m destacou a import\u00e2ncia de medidas preventivas durante per\u00edodos de chuvas intensas e inunda\u00e7\u00f5es. \u201cNessa situa\u00e7\u00e3o, h\u00e1 o risco de contamina\u00e7\u00e3o da \u00e1gua e a necessidade de prote\u00e7\u00e3o contra doen\u00e7as infecciosas, como leptospirose, hepatite A e gastroenterites. As a\u00e7\u00f5es preventivas podem ser implementadas em diferentes n\u00edveis: pessoal, domiciliar e comunit\u00e1rio\u201d, disse.<\/p>\n<p>Ele ressaltou que garantir o acesso \u00e0 \u00e1gua pot\u00e1vel e adotar pr\u00e1ticas adequadas de higiene e saneamento s\u00e3o importantes para prevenir doen\u00e7as. Fervura, filtra\u00e7\u00e3o e o uso de hipoclorito de s\u00f3dio ajudam a garantir a qualidade da \u00e1gua, enquanto a lavagem das m\u00e3os com \u00e1gua e sab\u00e3o previne a transmiss\u00e3o de infec\u00e7\u00f5es. Campanhas educativas tamb\u00e9m s\u00e3o necess\u00e1rias para conscientizar a popula\u00e7\u00e3o sobre o cuidado com a \u00e1gua e os reservat\u00f3rios.<\/p>\n<p>No caso de doen\u00e7as espec\u00edficas, \u00e9 importante evitar o contato com \u00e1guas contaminadas para prevenir a leptospirose, enquanto a vacina\u00e7\u00e3o infantil \u00e9 a principal forma de prote\u00e7\u00e3o contra a hepatite A. As gastroenterites podem ser evitadas com a higieniza\u00e7\u00e3o correta dos alimentos e seu adequado\u00a0<a id=\"cozimento\" name=\"cozimento\"><\/a>cozimento. \u201cEventos clim\u00e1ticos extremos impactam a sa\u00fade p\u00fablica. A educa\u00e7\u00e3o e a prepara\u00e7\u00e3o da comunidade podem mitigar esses efeitos\u201d, afirmou Hilton.<\/p>\n<h4><strong>Impactos na sa\u00fade respirat\u00f3ria<\/strong><\/h4>\n<p>\u201cEstima-se que, at\u00e9 2030, as mudan\u00e7as clim\u00e1ticas poder\u00e3o causar cerca de 250 mil mortes adicionais por ano, principalmente devido a doen\u00e7as respirat\u00f3rias\u201d, alertou o pneumologista do Hospital de Doen\u00e7as Tropicais da Universidade Federal do Tocantins (HDT-UFT), Emanuell Felipe Silva Lima.<\/p>\n<p>O especialista detalhou que a queima de combust\u00edveis f\u00f3sseis como carv\u00e3o, petr\u00f3leo e g\u00e1s, libera gases poluentes, como di\u00f3xido de carbono (CO\u2082), mono\u0301xido de carbono (CO) e \u00f3xidos de nitrog\u00eanio (NOx), que contribuem para a forma\u00e7\u00e3o de smog (mistura densa de poluentes vis\u00edveis) e oz\u00f4nio troposf\u00e9rico (poluente que se forma na camada mais baixa da atmosfera). Esses poluentes podem irritar as vias respirat\u00f3rias, agravando condi\u00e7\u00f5es como asma, bronquite cr\u00f4nica e doen\u00e7a pulmonar obstrutiva cr\u00f4nica (DPOC), al\u00e9m de aumentar a vulnerabilidade a infec\u00e7\u00f5es como pneumonias e tuberculose.<\/p>\n<p>O aumento da temperatura global tamb\u00e9m est\u00e1 relacionado \u00e0 piora dessas condi\u00e7\u00f5es. \u201cO calor extremo pode levar a uma maior demanda por oxig\u00eanio, o que \u00e9 desafiador para pessoas com doen\u00e7as respirat\u00f3rias pr\u00e9-existentes\u201d, explicou o pneumologista. Al\u00e9m disso, o calor intensifica a concentra\u00e7\u00e3o de poluentes atmosf\u00e9ricos, como o oz\u00f4nio, que irrita as vias respirat\u00f3rias.<\/p>\n<p>As mudan\u00e7as nos padr\u00f5es de chuva tamb\u00e9m t\u00eam seu impacto. O aumento da umidade favorece a prolifera\u00e7\u00e3o de mofo e bact\u00e9rias, agravando doen\u00e7as respirat\u00f3rias cr\u00f4nicas como fibrose pulmonar e DPOC. \u201c\u00c9 fundamental adotar medidas para reduzir as emiss\u00f5es de gases poluentes e promover a sa\u00fade respirat\u00f3ria\u201d, orientou Emanuell. Entre as recomenda\u00e7\u00f5es para mitigar esses efeitos est\u00e3o:<\/p>\n<ul>\n<li>Mantenha a carteira de vacina\u00e7\u00e3o atualizada, especialmente para doses contra Covid-19 e gripe.<\/li>\n<li>Adote h\u00e1bitos saud\u00e1veis de alimenta\u00e7\u00e3o e pratique exerc\u00edcios f\u00edsicos regularmente.<\/li>\n<li>Beba \u00e1gua na propor\u00e7\u00e3o de um litro para cada 20 quilos de peso corporal.<\/li>\n<li>Priorize noites adequadas de sono.<\/li>\n<li>Evite fumar, consumir \u00e1lcool em excesso ou usar drogas il\u00edcitas.<\/li>\n<li><a id=\"Controle\" name=\"Controle\"><\/a>Controle as condi\u00e7\u00f5es emocionais e psiqui\u00e1tricas, como ansiedade e depress\u00e3o.<\/li>\n<li>Monitore comorbidades, como hipertens\u00e3o, diabetes e doen\u00e7as cardiovasculares.<\/li>\n<\/ul>\n<h4><strong>Aten\u00e7\u00e3o \u00e0 sa\u00fade cardiovascular<\/strong><\/h4>\n<p>A cardiologista do HDT-UFT, Alinne Katienny, alertou sobre os impactos das ondas de calor. Segundo a especialista, esse fen\u00f4meno pode causar desidrata\u00e7\u00e3o severa, tornando o sangue mais viscoso e aumentando os riscos de infarto e de derrame. \u201cOutra coisa que acontece muito \u00e9 vasodilata\u00e7\u00e3o e, com isso, uma hipotens\u00e3o. Ent\u00e3o os pacientes podem desmaiar nesse calor\u201d, explicou.<\/p>\n<p>Como preven\u00e7\u00e3o, a m\u00e9dica recomendou medidas simples: \u201c\u00c9 necess\u00e1rio vestir roupas leves, praticar atividade f\u00edsica fora dos hor\u00e1rios de pico do calor e manter uma hidrata\u00e7\u00e3o rigorosa com \u00e1gua ou \u00e1gua de coco\u201d. Tamb\u00e9m destacou que pacientes cardiopatas ou obesos est\u00e3o entre os mais vulner\u00e1veis\u00a0<a id=\"aos\" name=\"aos\"><\/a>aos efeitos do calor extremo. Entre os sintomas mais comuns associados \u00e0s ondas de calor est\u00e3o boca seca, tremores, desmaios, tontura, dor de cabe\u00e7a, dor no peito e palpita\u00e7\u00f5es.<\/p>\n<h4><strong>Evento cient\u00edfico apoiado pela Ebserh debate clima e sa\u00fade<a id=\"debate\" name=\"debate\"><\/a><\/strong><\/h4>\n<p>Para aprofundar essa quest\u00e3o, de 29 a 31 de maio, a Universidade Federal de Santa Maria (UFSM) sediar\u00e1 o\u00a0<a title=\"URL original: https:\/\/www.conbrascc.com.br\/. Clique ou toque se voc\u00ea confiar neste link.\" href=\"https:\/\/nam10.safelinks.protection.outlook.com\/?url=https%3A%2F%2Fwww.conbrascc.com.br%2F&amp;data=05|02|Danielle.Aguiar%40ebserh.gov.br|2f2ee1cd65f449d9741508dd61745c4a|64d34dddaff04d95b7f10734a5c845e5|0|0|638773874588662298|Unknown|TWFpbGZsb3d8eyJFbXB0eU1hcGkiOnRydWUsIlYiOiIwLjAuMDAwMCIsIlAiOiJXaW4zMiIsIkFOIjoiTWFpbCIsIldUIjoyfQ%3D%3D|0|||&amp;sdata=%2FjyGwyJuCb6kGcZpARDQ3uuYrBKYGBAUSe6RSMYZKXQ%3D&amp;reserved=0\">Congresso Brasileiro sobre Cat\u00e1strofes Clim\u00e1ticas\u00a0<\/a>(ConBrasCC), organizado em parceria com o Hospital Universit\u00e1rio de Santa Maria (Husm-UFSM) e a Rede Ebserh. O evento reunir\u00e1 especialistas e gestores da empresa p\u00fablica\u00a0para discutir os desafios e solu\u00e7\u00f5es relacionados a desastres como os que afetaram o Rio Grande do Sul h\u00e1 quase um ano.<\/p>\n<p>Na pr\u00f3xima reportagem da s\u00e9rie especial \u201cSa\u00fade e Clima\u201d, voc\u00ea vai saber mais sobre o impacto do calor e como proteger as pessoas mais vulner\u00e1veis, especialmente idosos e crian\u00e7as, dos danos causados pelas altera\u00e7\u00f5es clim\u00e1ticas.<\/p>\n<h4><strong>Sobre a Ebserh<\/strong><\/h4>\n<p>Vinculada ao Minist\u00e9rio da Educa\u00e7\u00e3o (MEC), a Ebserh foi criada em 2011 e, atualmente, administra 45 hospitais universit\u00e1rios federais, apoiando e impulsionando suas atividades por meio de uma gest\u00e3o de excel\u00eancia. Como hospitais vinculados a universidades federais, essas unidades t\u00eam caracter\u00edsticas espec\u00edficas: atendem pacientes do Sistema \u00danico de Sa\u00fade (SUS) ao mesmo tempo que apoiam a forma\u00e7\u00e3o de profissionais de sa\u00fade e o desenvolvimento de pesquisas e inova\u00e7\u00e3o.<\/p>\n<p><span class=\"discreet\"><em>Por Andreia Pires, com edi\u00e7\u00e3o de Danielle Campos<\/em><\/span><br \/>\n<span class=\"discreet\"><em>Coordenadoria de Comunica\u00e7\u00e3o Social da Rede Ebserh<\/em><\/span><\/p>\n<\/div>\n<p><a class=\"materia-original\" href=\"https:\/\/www.gov.br\/ebserh\/pt-br\/comunicacao\/noticias\/como-as-mudancas-climaticas-afetam-a-saude-da-populacao\" target=\"_blank\" rel=\"noopener\">Link: https:\/\/www.gov.br\/ebserh\/pt-br\/comunicacao\/noticias\/como-as-mudancas-climaticas-afetam-a-saude-da-populacao<\/a><\/p>\n","protected":false},"excerpt":{"rendered":"<p>Voc\u00ea j\u00e1 parou para refletir sobre como as mudan\u00e7as do clima podem impactar sua sa\u00fade? O Dia Nacional de Conscientiza\u00e7\u00e3o sobre as Mudan\u00e7as Clim\u00e1ticas, 16 de mar\u00e7o, institu\u00eddo pela\u00a0Lei n\u00ba 12.533\/2011\u00a0, \u00e9 uma oportunidade para analisar essas altera\u00e7\u00f5es e pensar o que pode ser feito para enfrent\u00e1-las. Neste contexto, e em ano de Confer\u00eancia das &hellip;<\/p>\n","protected":false},"author":1,"featured_media":123454,"comment_status":"open","ping_status":"open","sticky":false,"template":"","format":"standard","meta":{"footnotes":""},"categories":[2],"tags":[],"class_list":["post-134730","post","type-post","status-publish","format-standard","has-post-thumbnail","hentry","category-saude"],"_links":{"self":[{"href":"https:\/\/iparaiba.com.br\/index.php\/wp-json\/wp\/v2\/posts\/134730","targetHints":{"allow":["GET"]}}],"collection":[{"href":"https:\/\/iparaiba.com.br\/index.php\/wp-json\/wp\/v2\/posts"}],"about":[{"href":"https:\/\/iparaiba.com.br\/index.php\/wp-json\/wp\/v2\/types\/post"}],"author":[{"embeddable":true,"href":"https:\/\/iparaiba.com.br\/index.php\/wp-json\/wp\/v2\/users\/1"}],"replies":[{"embeddable":true,"href":"https:\/\/iparaiba.com.br\/index.php\/wp-json\/wp\/v2\/comments?post=134730"}],"version-history":[{"count":1,"href":"https:\/\/iparaiba.com.br\/index.php\/wp-json\/wp\/v2\/posts\/134730\/revisions"}],"predecessor-version":[{"id":134759,"href":"https:\/\/iparaiba.com.br\/index.php\/wp-json\/wp\/v2\/posts\/134730\/revisions\/134759"}],"wp:featuredmedia":[{"embeddable":true,"href":"https:\/\/iparaiba.com.br\/index.php\/wp-json\/wp\/v2\/media\/123454"}],"wp:attachment":[{"href":"https:\/\/iparaiba.com.br\/index.php\/wp-json\/wp\/v2\/media?parent=134730"}],"wp:term":[{"taxonomy":"category","embeddable":true,"href":"https:\/\/iparaiba.com.br\/index.php\/wp-json\/wp\/v2\/categories?post=134730"},{"taxonomy":"post_tag","embeddable":true,"href":"https:\/\/iparaiba.com.br\/index.php\/wp-json\/wp\/v2\/tags?post=134730"}],"curies":[{"name":"wp","href":"https:\/\/api.w.org\/{rel}","templated":true}]}}