{"id":134729,"date":"2025-03-19T16:19:55","date_gmt":"2025-03-19T19:19:55","guid":{"rendered":"https:\/\/onordeste.com.br\/?p=134722"},"modified":"2025-03-19T16:19:55","modified_gmt":"2025-03-19T19:19:55","slug":"e-preciso-defender-a-democracia-daqueles-que-planejam-a-volta-do-autoritarismo-diz-lula","status":"publish","type":"post","link":"https:\/\/iparaiba.com.br\/index.php\/2025\/03\/19\/e-preciso-defender-a-democracia-daqueles-que-planejam-a-volta-do-autoritarismo-diz-lula\/","title":{"rendered":"&#8216; \u00c9 preciso defender a democracia daqueles que planejam a volta do autoritarismo&#8217;, diz Lula"},"content":{"rendered":"<p>&#8220;Nestes 40 anos de democracia, apesar de momentos muito dif\u00edceis, demos passos importantes para a constru\u00e7\u00e3o do pa\u00eds que sonhamos. Um pa\u00eds democr\u00e1tico, livre e soberano&#8221;, disse Lula em suas redes sociais, neste s\u00e1bado, 15 de mar\u00e7o, data que marca\u00a0os 40 anos do in\u00edcio da redemocratiza\u00e7\u00e3o no Brasil, depois de 21 anos de ditadura militar.<\/p>\n<hr \/>\n<h3><strong>&#8220;Mais que a posse de um presidente da Rep\u00fablica, 15 de mar\u00e7o de 1985 ser\u00e1 lembrado como o dia em que o Brasil marcou o reencontro com a democracia. O presidente Jos\u00e9 Sarney governou sob a constante amea\u00e7a dos saudosos da ditadura, mas com extraordin\u00e1ria habilidade e compromisso pol\u00edtico criou as condi\u00e7\u00f5es para que escrev\u00eassemos a Constitui\u00e7\u00e3o Cidad\u00e3 de 1988, e mud\u00e1ssemos a hist\u00f3ria do Brasil&#8221;, lembrou Lula.<\/strong><\/h3>\n<hr \/>\n<p>Jos\u00e9 Sarney assumiu de forma interina a Presid\u00eancia da Rep\u00fablica ap\u00f3s o presidente eleito, Tancredo Neves, ter sido hospitalizado. Ap\u00f3s um m\u00eas, com o falecimento de Neves, Sarney foi empossado oficialmente. Desde ent\u00e3o, o Pa\u00eds vive\u00a0o maior per\u00edodo democr\u00e1tico, sem rupturas, desde a proclama\u00e7\u00e3o da Rep\u00fablica, em 1889.<\/p>\n<p>Ainda em nota, o presidente destacou, as conquistas alcan\u00e7adas ap\u00f3s o fim do regime. &#8220;Temos enormes desafios pela frente, mas o Brasil \u00e9 hoje o pa\u00eds que cresce com inclus\u00e3o social. Que combate a fome e as desigualdades. Que gera empregos, aumenta a renda e melhora a qualidade de vida das fam\u00edlias. Que cuida de todos, com um olhar especial para quem mais precisa.\u00a0<strong>Sem a democracia, nada disso seria poss\u00edvel. Por isso, \u00e9 preciso defend\u00ea-la todos os dias daqueles que, ainda hoje, planejam a volta do autoritarismo<\/strong>&#8220;, pontuou.<\/p>\n<hr \/>\n<h3><strong>&#8220;\u00c9 preciso mostrar \u00e0s novas gera\u00e7\u00f5es o que foi e o que seria viver novamente sob uma ditadura, e ter todos os direitos negados, inclusive o direito \u00e0 vida. Hoje \u00e9 dia de lembrar e homenagear todos os brasileiros e brasileiras que lutaram pela redemocratiza\u00e7\u00e3o do Brasil. Hoje \u2013 e todo dia \u2013 \u00e9 dia de celebrarmos a democracia&#8221;, concluiu o presidente Lula.<\/strong><\/h3>\n<p>&nbsp;<\/p>\n<p>agenciagov.ebc<\/p>\n","protected":false},"excerpt":{"rendered":"<p>&#8220;Nestes 40 anos de democracia, apesar de momentos muito dif\u00edceis, demos passos importantes para a constru\u00e7\u00e3o do pa\u00eds que sonhamos. Um pa\u00eds democr\u00e1tico, livre e soberano&#8221;, disse Lula em suas redes sociais, neste s\u00e1bado, 15 de mar\u00e7o, data que marca\u00a0os 40 anos do in\u00edcio da redemocratiza\u00e7\u00e3o no Brasil, depois de 21 anos de ditadura militar. &hellip;<\/p>\n","protected":false},"author":1,"featured_media":123174,"comment_status":"open","ping_status":"open","sticky":false,"template":"","format":"standard","meta":{"footnotes":""},"categories":[10],"tags":[],"class_list":["post-134729","post","type-post","status-publish","format-standard","has-post-thumbnail","hentry","category-manchetes"],"_links":{"self":[{"href":"https:\/\/iparaiba.com.br\/index.php\/wp-json\/wp\/v2\/posts\/134729","targetHints":{"allow":["GET"]}}],"collection":[{"href":"https:\/\/iparaiba.com.br\/index.php\/wp-json\/wp\/v2\/posts"}],"about":[{"href":"https:\/\/iparaiba.com.br\/index.php\/wp-json\/wp\/v2\/types\/post"}],"author":[{"embeddable":true,"href":"https:\/\/iparaiba.com.br\/index.php\/wp-json\/wp\/v2\/users\/1"}],"replies":[{"embeddable":true,"href":"https:\/\/iparaiba.com.br\/index.php\/wp-json\/wp\/v2\/comments?post=134729"}],"version-history":[{"count":1,"href":"https:\/\/iparaiba.com.br\/index.php\/wp-json\/wp\/v2\/posts\/134729\/revisions"}],"predecessor-version":[{"id":134758,"href":"https:\/\/iparaiba.com.br\/index.php\/wp-json\/wp\/v2\/posts\/134729\/revisions\/134758"}],"wp:featuredmedia":[{"embeddable":true,"href":"https:\/\/iparaiba.com.br\/index.php\/wp-json\/wp\/v2\/media\/123174"}],"wp:attachment":[{"href":"https:\/\/iparaiba.com.br\/index.php\/wp-json\/wp\/v2\/media?parent=134729"}],"wp:term":[{"taxonomy":"category","embeddable":true,"href":"https:\/\/iparaiba.com.br\/index.php\/wp-json\/wp\/v2\/categories?post=134729"},{"taxonomy":"post_tag","embeddable":true,"href":"https:\/\/iparaiba.com.br\/index.php\/wp-json\/wp\/v2\/tags?post=134729"}],"curies":[{"name":"wp","href":"https:\/\/api.w.org\/{rel}","templated":true}]}}