{"id":134727,"date":"2025-03-19T12:15:30","date_gmt":"2025-03-19T15:15:30","guid":{"rendered":"https:\/\/onordeste.com.br\/?p=134718"},"modified":"2025-03-19T12:15:30","modified_gmt":"2025-03-19T15:15:30","slug":"divulgada-relacao-de-candidatos-aptos-a-cnh-gratuita","status":"publish","type":"post","link":"https:\/\/iparaiba.com.br\/index.php\/2025\/03\/19\/divulgada-relacao-de-candidatos-aptos-a-cnh-gratuita\/","title":{"rendered":"Divulgada rela\u00e7\u00e3o de candidatos aptos \u00e0 CNH gratuita"},"content":{"rendered":"<p>OGoverno da Para\u00edba, por meio do Departamento Estadual de Tr\u00e2nsito da Para\u00edba (Detran-PB) e da Secretaria do Desenvolvimento Humano (Sedh), divulgou nova rela\u00e7\u00e3o dos habilitados \u00e0 gratuidade da Carteira Nacional de Habilita\u00e7\u00e3o (CNH), dando sequ\u00eancia ao cronograma de sele\u00e7\u00e3o de candidatos do Programa Habilita\u00e7\u00e3o Social (PHS). Nesta 3\u00aa chamada, 1.003\u00a0candidatos foram classificados e est\u00e3o aptos a abrir o Registro Nacional de Condutores Habilitados (Renach) nas unidades do Detran-PB.<\/p>\n<p>As listas foram disponibilizadas no site\u00a0<a href=\"http:\/\/www.habilitacaosocial.pb.gov.br\/\">www.habilitacaosocial.pb.gov.br<\/a>\u00a0, contendo os nomes dos classificados (aptos \u00e0 abertura do Renach) e tamb\u00e9m dos desclassificados (1.156 que podem ingressar com recursos), por regi\u00e3o, nesta fase do programa. Um total de 34.257 paraibanos se inscreveu no PHS, lan\u00e7ado pelo Governo do Estado em dezembro de 2023.<\/p>\n<p><b>Recurso \u2013\u00a0<\/b>Para ingressar com recurso, o prazo come\u00e7a nesta quinta-feira (13) e vai at\u00e9 o pr\u00f3ximo dia 22, por meio de link para acesso dispon\u00edvel no site do Programa Habilita\u00e7\u00e3o Social.<\/p>\n<p><b>Abertura do Renach \u2013<\/b>\u00a0J\u00e1 a partir do dia 1\u00ba at\u00e9 30 de abril, os classificados devem agendar, junto ao Detran, o atendimento presencial para abertura do Renach. Para isso, eles precisam acessar o site do Detran (<a href=\"http:\/\/www.detran.pb.gov.br\/\">www.detran.pb.gov.br<\/a>) e agendar o servi\u00e7o, de acordo com a sua regi\u00e3o. Cada candidato vai escolher qual a Ciretran ou posto do Detran na hora do agendamento. No dia agendado, ele deve comparecer ao posto do Detran ou Ciretran escolhido, com a documenta\u00e7\u00e3o necess\u00e1ria, que est\u00e1 dispon\u00edvel no site do PHS.<\/p>\n<p>Para emitir o Renach do Programa Habilita\u00e7\u00e3o Social (PHS), o candidato deve entrar no site do Detran-PB e fazer o agendamento para atendimento presencial. Para isso, deve acessar a aba &#8216;Agendamento de Servi\u00e7os&#8217;, escolher o tipo de servi\u00e7o &#8216;Habilita\u00e7\u00e3o&#8217; e selecionar o servi\u00e7o &#8216;Atendimento PHS &#8211; Programa Habilita\u00e7\u00e3o Social&#8217;.<\/p>\n","protected":false},"excerpt":{"rendered":"<p>OGoverno da Para\u00edba, por meio do Departamento Estadual de Tr\u00e2nsito da Para\u00edba (Detran-PB) e da Secretaria do Desenvolvimento Humano (Sedh), divulgou nova rela\u00e7\u00e3o dos habilitados \u00e0 gratuidade da Carteira Nacional de Habilita\u00e7\u00e3o (CNH), dando sequ\u00eancia ao cronograma de sele\u00e7\u00e3o de candidatos do Programa Habilita\u00e7\u00e3o Social (PHS). Nesta 3\u00aa chamada, 1.003\u00a0candidatos foram classificados e est\u00e3o aptos &hellip;<\/p>\n","protected":false},"author":1,"featured_media":98561,"comment_status":"open","ping_status":"open","sticky":false,"template":"","format":"standard","meta":{"footnotes":""},"categories":[6],"tags":[],"class_list":["post-134727","post","type-post","status-publish","format-standard","has-post-thumbnail","hentry","category-destaques"],"_links":{"self":[{"href":"https:\/\/iparaiba.com.br\/index.php\/wp-json\/wp\/v2\/posts\/134727","targetHints":{"allow":["GET"]}}],"collection":[{"href":"https:\/\/iparaiba.com.br\/index.php\/wp-json\/wp\/v2\/posts"}],"about":[{"href":"https:\/\/iparaiba.com.br\/index.php\/wp-json\/wp\/v2\/types\/post"}],"author":[{"embeddable":true,"href":"https:\/\/iparaiba.com.br\/index.php\/wp-json\/wp\/v2\/users\/1"}],"replies":[{"embeddable":true,"href":"https:\/\/iparaiba.com.br\/index.php\/wp-json\/wp\/v2\/comments?post=134727"}],"version-history":[{"count":1,"href":"https:\/\/iparaiba.com.br\/index.php\/wp-json\/wp\/v2\/posts\/134727\/revisions"}],"predecessor-version":[{"id":134756,"href":"https:\/\/iparaiba.com.br\/index.php\/wp-json\/wp\/v2\/posts\/134727\/revisions\/134756"}],"wp:featuredmedia":[{"embeddable":true,"href":"https:\/\/iparaiba.com.br\/index.php\/wp-json\/wp\/v2\/media\/98561"}],"wp:attachment":[{"href":"https:\/\/iparaiba.com.br\/index.php\/wp-json\/wp\/v2\/media?parent=134727"}],"wp:term":[{"taxonomy":"category","embeddable":true,"href":"https:\/\/iparaiba.com.br\/index.php\/wp-json\/wp\/v2\/categories?post=134727"},{"taxonomy":"post_tag","embeddable":true,"href":"https:\/\/iparaiba.com.br\/index.php\/wp-json\/wp\/v2\/tags?post=134727"}],"curies":[{"name":"wp","href":"https:\/\/api.w.org\/{rel}","templated":true}]}}