{"id":134726,"date":"2025-03-19T08:13:15","date_gmt":"2025-03-19T11:13:15","guid":{"rendered":"https:\/\/onordeste.com.br\/?p=134716"},"modified":"2025-03-19T08:13:15","modified_gmt":"2025-03-19T11:13:15","slug":"convenio-amplia-numero-de-cirurgias-oncologicas","status":"publish","type":"post","link":"https:\/\/iparaiba.com.br\/index.php\/2025\/03\/19\/convenio-amplia-numero-de-cirurgias-oncologicas\/","title":{"rendered":"Conv\u00eanio amplia n\u00famero de cirurgias oncol\u00f3gicas"},"content":{"rendered":"<p style=\"text-align: left;\" align=\"center\">O Complexo Hospitalar Regional Deputado Janduhy Carneiro, em Patos, por meio do Hospital do Bem, iniciou um conv\u00eanio que amplia o acesso \u00e0s cirurgias de pacientes oncol\u00f3gicos no sert\u00e3o paraibano. A iniciativa faz parte do Programa Para\u00edba contra o C\u00e2ncer, criado pelo Governo da Para\u00edba para facilitar o acesso de pacientes com c\u00e2ncer ao diagn\u00f3stico, estadiamento e tratamento. Os primeiros procedimentos na unidade, por meio do conv\u00eanio,<\/p>\n<p>O diretor-geral do Complexo de Patos, Francisco Guedes, ressalta que este \u00e9 um importante avan\u00e7o na assist\u00eancia em sa\u00fade para a popula\u00e7\u00e3o, n\u00e3o s\u00f3 de Patos, mas para os munic\u00edpios atendidos pelo Hospital do Bem. \u201c\u00c9 com muita alegria que a gente come\u00e7a a realizar os procedimentos frutos deste conv\u00eanio que possibilitou a utiliza\u00e7\u00e3o de duas salas do bloco cir\u00fargico do Hospital Day, ampliando assim a assist\u00eancia e oferta de cirurgias oncol\u00f3gicas no sert\u00e3o\u201d, afirma.<\/p>\n","protected":false},"excerpt":{"rendered":"<p>O Complexo Hospitalar Regional Deputado Janduhy Carneiro, em Patos, por meio do Hospital do Bem, iniciou um conv\u00eanio que amplia o acesso \u00e0s cirurgias de pacientes oncol\u00f3gicos no sert\u00e3o paraibano. A iniciativa faz parte do Programa Para\u00edba contra o C\u00e2ncer, criado pelo Governo da Para\u00edba para facilitar o acesso de pacientes com c\u00e2ncer ao diagn\u00f3stico, &hellip;<\/p>\n","protected":false},"author":1,"featured_media":123175,"comment_status":"open","ping_status":"open","sticky":false,"template":"","format":"standard","meta":{"footnotes":""},"categories":[2],"tags":[],"class_list":["post-134726","post","type-post","status-publish","format-standard","has-post-thumbnail","hentry","category-saude"],"_links":{"self":[{"href":"https:\/\/iparaiba.com.br\/index.php\/wp-json\/wp\/v2\/posts\/134726","targetHints":{"allow":["GET"]}}],"collection":[{"href":"https:\/\/iparaiba.com.br\/index.php\/wp-json\/wp\/v2\/posts"}],"about":[{"href":"https:\/\/iparaiba.com.br\/index.php\/wp-json\/wp\/v2\/types\/post"}],"author":[{"embeddable":true,"href":"https:\/\/iparaiba.com.br\/index.php\/wp-json\/wp\/v2\/users\/1"}],"replies":[{"embeddable":true,"href":"https:\/\/iparaiba.com.br\/index.php\/wp-json\/wp\/v2\/comments?post=134726"}],"version-history":[{"count":1,"href":"https:\/\/iparaiba.com.br\/index.php\/wp-json\/wp\/v2\/posts\/134726\/revisions"}],"predecessor-version":[{"id":134755,"href":"https:\/\/iparaiba.com.br\/index.php\/wp-json\/wp\/v2\/posts\/134726\/revisions\/134755"}],"wp:featuredmedia":[{"embeddable":true,"href":"https:\/\/iparaiba.com.br\/index.php\/wp-json\/wp\/v2\/media\/123175"}],"wp:attachment":[{"href":"https:\/\/iparaiba.com.br\/index.php\/wp-json\/wp\/v2\/media?parent=134726"}],"wp:term":[{"taxonomy":"category","embeddable":true,"href":"https:\/\/iparaiba.com.br\/index.php\/wp-json\/wp\/v2\/categories?post=134726"},{"taxonomy":"post_tag","embeddable":true,"href":"https:\/\/iparaiba.com.br\/index.php\/wp-json\/wp\/v2\/tags?post=134726"}],"curies":[{"name":"wp","href":"https:\/\/api.w.org\/{rel}","templated":true}]}}