{"id":134722,"date":"2025-03-18T12:06:07","date_gmt":"2025-03-18T15:06:07","guid":{"rendered":"https:\/\/onordeste.com.br\/?p=134708"},"modified":"2025-03-18T12:06:07","modified_gmt":"2025-03-18T15:06:07","slug":"vacinacao-contra-hpv-para-pessoas-entre-9-e-19-anos","status":"publish","type":"post","link":"https:\/\/iparaiba.com.br\/index.php\/2025\/03\/18\/vacinacao-contra-hpv-para-pessoas-entre-9-e-19-anos\/","title":{"rendered":"Vacina\u00e7\u00e3o contra HPV para pessoas entre 9 e 19 anos"},"content":{"rendered":"<p>A partir desta segunda-feira (17), a Prefeitura de Jo\u00e3o Pessoa inicia a vacina\u00e7\u00e3o para pessoas n\u00e3o vacinadas contra o HPV na rede municipal de Sa\u00fade. No Sistema \u00danico de Sa\u00fade (SUS), a preven\u00e7\u00e3o \u00e9 destinada para meninos e meninas de 9 a 14 anos e, nesta campanha, a prote\u00e7\u00e3o ser\u00e1 ampliada para a faixa et\u00e1ria de jovens entre 15 e 19 anos de idade, que tenham perdido a oportunidade de se vacinar dentro das idades recomendadas. A a\u00e7\u00e3o de resgate das pessoas n\u00e3o vacinadas contra o HPV ser\u00e1 realizada at\u00e9 o dia 17 de junho.<\/p>\n<p>\u201cEssa \u00e9 uma oportunidade de colocar em dia a vacina\u00e7\u00e3o contra o HPV e, na oportunidade, colocar em dia tamb\u00e9m outras doses que possam estar faltando da caderneta vacinal\u201d, destacou o coordenador de Imuniza\u00e7\u00e3o da Prefeitura de Jo\u00e3o Pessoa, Fernando Virgolino. \u201cDestacamos que essa vacina\u00e7\u00e3o \u00e9 importante considerando que sua preven\u00e7\u00e3o pode evitar casos e agravamentos de complica\u00e7\u00f5es relacionadas ao HPV, a exemplo de verrugas genitais e c\u00e2nceres do colo do \u00fatero, vulva, p\u00eanis, \u00e2nus e orofaringe\u201d, completou o coordenador.<\/p>\n<p>wSCOM<\/p>\n","protected":false},"excerpt":{"rendered":"<p>A partir desta segunda-feira (17), a Prefeitura de Jo\u00e3o Pessoa inicia a vacina\u00e7\u00e3o para pessoas n\u00e3o vacinadas contra o HPV na rede municipal de Sa\u00fade. No Sistema \u00danico de Sa\u00fade (SUS), a preven\u00e7\u00e3o \u00e9 destinada para meninos e meninas de 9 a 14 anos e, nesta campanha, a prote\u00e7\u00e3o ser\u00e1 ampliada para a faixa et\u00e1ria &hellip;<\/p>\n","protected":false},"author":1,"featured_media":109550,"comment_status":"open","ping_status":"open","sticky":false,"template":"","format":"standard","meta":{"footnotes":""},"categories":[2],"tags":[],"class_list":["post-134722","post","type-post","status-publish","format-standard","has-post-thumbnail","hentry","category-saude"],"_links":{"self":[{"href":"https:\/\/iparaiba.com.br\/index.php\/wp-json\/wp\/v2\/posts\/134722","targetHints":{"allow":["GET"]}}],"collection":[{"href":"https:\/\/iparaiba.com.br\/index.php\/wp-json\/wp\/v2\/posts"}],"about":[{"href":"https:\/\/iparaiba.com.br\/index.php\/wp-json\/wp\/v2\/types\/post"}],"author":[{"embeddable":true,"href":"https:\/\/iparaiba.com.br\/index.php\/wp-json\/wp\/v2\/users\/1"}],"replies":[{"embeddable":true,"href":"https:\/\/iparaiba.com.br\/index.php\/wp-json\/wp\/v2\/comments?post=134722"}],"version-history":[{"count":1,"href":"https:\/\/iparaiba.com.br\/index.php\/wp-json\/wp\/v2\/posts\/134722\/revisions"}],"predecessor-version":[{"id":134751,"href":"https:\/\/iparaiba.com.br\/index.php\/wp-json\/wp\/v2\/posts\/134722\/revisions\/134751"}],"wp:featuredmedia":[{"embeddable":true,"href":"https:\/\/iparaiba.com.br\/index.php\/wp-json\/wp\/v2\/media\/109550"}],"wp:attachment":[{"href":"https:\/\/iparaiba.com.br\/index.php\/wp-json\/wp\/v2\/media?parent=134722"}],"wp:term":[{"taxonomy":"category","embeddable":true,"href":"https:\/\/iparaiba.com.br\/index.php\/wp-json\/wp\/v2\/categories?post=134722"},{"taxonomy":"post_tag","embeddable":true,"href":"https:\/\/iparaiba.com.br\/index.php\/wp-json\/wp\/v2\/tags?post=134722"}],"curies":[{"name":"wp","href":"https:\/\/api.w.org\/{rel}","templated":true}]}}