{"id":134721,"date":"2025-03-18T10:04:24","date_gmt":"2025-03-18T13:04:24","guid":{"rendered":"https:\/\/onordeste.com.br\/?p=134706"},"modified":"2025-03-18T10:04:24","modified_gmt":"2025-03-18T13:04:24","slug":"operacao-nacional-protecao-integral-em-combate-ao-abuso-sexual-de-criancas-e-adolescentes","status":"publish","type":"post","link":"https:\/\/iparaiba.com.br\/index.php\/2025\/03\/18\/operacao-nacional-protecao-integral-em-combate-ao-abuso-sexual-de-criancas-e-adolescentes\/","title":{"rendered":"Opera\u00e7\u00e3o nacional Prote\u00e7\u00e3o Integral em combate ao abuso sexual de crian\u00e7as e adolescentes"},"content":{"rendered":"<p><strong>Bras\u00edlia\/DF.<\/strong>\u00a0Nesta quarta-feira (12\/3), a Pol\u00edcia Federal amplia suas a\u00e7\u00f5es no combate aos crimes cibern\u00e9ticos que violam a dignidade sexual de crian\u00e7as e adolescentes. Trata-se da Opera\u00e7\u00e3o Nacional Prote\u00e7\u00e3o Integral que busca identificar e prender criminosos em todo o pa\u00eds que agem, principalmente, na internet com o intuito de armazenar, compartilhar, produzir e vender material de abuso sexual infantojuvenil.<\/p>\n<p>Na Prote\u00e7\u00e3o Integral, foram cumpridos, simultaneamente, 72 mandados de busca e apreens\u00e3o, em 22 unidades da federa\u00e7\u00e3o, sob a orienta\u00e7\u00e3o da Coordena\u00e7\u00e3o de Repress\u00e3o aos Crimes Cibern\u00e9ticos Relacionados ao Abuso Sexual Infantojuvenil da PF. O foco \u00e9 identifica\u00e7\u00e3o e na pris\u00e3o de abusadores sexuais de crian\u00e7as e adolescentes. Participaram desse esfor\u00e7o conjunto cerca de 340 policiais federais.<\/p>\n<p>A Opera\u00e7\u00e3o Nacional objetiva demonstrar o engajamento e o compromisso da Pol\u00edcia Federal, em todo o pa\u00eds, na defesa da dignidade sexual de crian\u00e7as e adolescentes v\u00edtimas e em sua prote\u00e7\u00e3o integral. Na ocasi\u00e3o do cumprimento dos mandados de busca e apreens\u00e3o, foram realizadas 26 pris\u00f5es em flagrante em decorr\u00eancia da a\u00e7\u00e3o.<\/p>\n<p>O nome da opera\u00e7\u00e3o foi escolhido porque o Estatuto da Crian\u00e7a e do Adolescente (Lei Federal n\u00ba 8.009\/1990) estabelece j\u00e1 em seu artigo 1\u00ba a prote\u00e7\u00e3o integral das crian\u00e7as e dos adolescentes, bem como assegura a esses sujeitos o gozo de todos os direitos fundamentais inerentes \u00e0 pessoa humana (art. 3\u00ba). Al\u00e9m disso, a Constitui\u00e7\u00e3o Federal em seu art. 227, caput, estabelece que \u00e9 &#8220;dever da fam\u00edlia, da sociedade e do Estado assegurar \u00e0 crian\u00e7a, ao adolescente e ao jovem com absoluta prioridade o direito \u00e0 vida, \u00e0 sa\u00fade, \u00e0 alimenta\u00e7\u00e3o, \u00e0 educa\u00e7\u00e3o, ao lazer, \u00e0 profissionaliza\u00e7\u00e3o, \u00e0 cultura, \u00e0 dignidade, ao respeito, \u00e0 liberdade e \u00e0 conviv\u00eancia familiar e comunit\u00e1ria&#8221;.<\/p>\n<p>Ademais, n\u00e3o restam d\u00favidas quanto ao grau de lesividade que os delitos cibern\u00e9ticos relacionados ao abuso sexual infantojuvenil acarretam nas crian\u00e7as e os adolescentes, sendo a opera\u00e7\u00e3o, portanto, uma forma da Pol\u00edcia Federal dar cumprimento aos dispositivos constitucionais e legais que estabelecem a absoluta prioridade e a prote\u00e7\u00e3o integral \u00e0s v\u00edtimas desses delitos.<\/p>\n<p>A Pol\u00edcia Federal alerta aos pais e respons\u00e1veis sobre a import\u00e2ncia de monitorar e orientar seus filhos no mundo virtual e f\u00edsico, protegendo-os dos riscos de abusos sexuais. A preven\u00e7\u00e3o \u00e9 fundamental para garantir a seguran\u00e7a e o bem-estar das crian\u00e7as e adolescentes.<\/p>\n<p><strong>Balan\u00e7o<\/strong><br \/>\nEstados participantes: 22<br \/>\nQuantidade de mandados de busca e apreens\u00e3o expedidos: 73<br \/>\nQuantidade de pris\u00f5es preventivas expedidas: 6<br \/>\nEfetivo mobilizado: 340 Policiais Federais<br \/>\nPris\u00f5es em flagrante: 26<br \/>\nInqu\u00e9ritos policiais instaurados: 60<\/p>\n<p><strong>Mandados por unidade da Federa\u00e7\u00e3o<br \/>\n<\/strong>Mandados de busca e apreens\u00e3o expedidos para:<\/p>\n<p>Acre (2)<br \/>\nAlagoas (1)<br \/>\nAmazonas (1)<br \/>\nBahia (4)<br \/>\nCear\u00e1 (1)<br \/>\nDistrito Federal (2)<br \/>\nEsp\u00edrito Santo (2)<br \/>\nMaranh\u00e3o (4)<br \/>\nMinas Gerais (3)<br \/>\nMato Grosso (1)<br \/>\nMato Grosso do Sul (6)<br \/>\nPar\u00e1 (2)<br \/>\nParan\u00e1 (8)<br \/>\nPara\u00edba (2)<br \/>\nPernambuco (2)<br \/>\nRio de Janeiro (1)<br \/>\nRio Grande do Norte (2)<br \/>\nRio Grande do Sul (12)<br \/>\nRoraima (1)<br \/>\nSanta Catarina (4)<br \/>\nS\u00e3o Paulo (11)<br \/>\nSergipe (1)<\/p>\n<p>Mandados de pris\u00e3o preventiva expedidos para:<\/p>\n<p>Alagoas (1)<br \/>\nDistrito Federal (2)<br \/>\nMinas Gerais (1)<br \/>\nMato Grosso do Sul (2)<\/p>\n<p>Pris\u00f5es em flagrante:<\/p>\n<p>Acre(1)<br \/>\nAmazonas (1)<br \/>\nBahia (3)<br \/>\nDistrito Federal (1)<br \/>\nEsp\u00edrito Santo (1)<br \/>\nMinas Gerais (1)<br \/>\nMato Grosso (1)<br \/>\nParan\u00e1 (3)<br \/>\nRio de Janeiro (1)<br \/>\nRio Grande do Norte (2)<br \/>\nRio Grande do Sul (5)<br \/>\nS\u00e3o Paulo (6)<\/p>\n<p style=\"text-align: left;\" align=\"right\"><i>Coordena\u00e7\u00e3o-Geral de Comunica\u00e7\u00e3o Social<\/i><\/p>\n","protected":false},"excerpt":{"rendered":"<p>Bras\u00edlia\/DF.\u00a0Nesta quarta-feira (12\/3), a Pol\u00edcia Federal amplia suas a\u00e7\u00f5es no combate aos crimes cibern\u00e9ticos que violam a dignidade sexual de crian\u00e7as e adolescentes. Trata-se da Opera\u00e7\u00e3o Nacional Prote\u00e7\u00e3o Integral que busca identificar e prender criminosos em todo o pa\u00eds que agem, principalmente, na internet com o intuito de armazenar, compartilhar, produzir e vender material de &hellip;<\/p>\n","protected":false},"author":1,"featured_media":116533,"comment_status":"open","ping_status":"open","sticky":false,"template":"","format":"standard","meta":{"footnotes":""},"categories":[10],"tags":[],"class_list":["post-134721","post","type-post","status-publish","format-standard","has-post-thumbnail","hentry","category-manchetes"],"_links":{"self":[{"href":"https:\/\/iparaiba.com.br\/index.php\/wp-json\/wp\/v2\/posts\/134721","targetHints":{"allow":["GET"]}}],"collection":[{"href":"https:\/\/iparaiba.com.br\/index.php\/wp-json\/wp\/v2\/posts"}],"about":[{"href":"https:\/\/iparaiba.com.br\/index.php\/wp-json\/wp\/v2\/types\/post"}],"author":[{"embeddable":true,"href":"https:\/\/iparaiba.com.br\/index.php\/wp-json\/wp\/v2\/users\/1"}],"replies":[{"embeddable":true,"href":"https:\/\/iparaiba.com.br\/index.php\/wp-json\/wp\/v2\/comments?post=134721"}],"version-history":[{"count":1,"href":"https:\/\/iparaiba.com.br\/index.php\/wp-json\/wp\/v2\/posts\/134721\/revisions"}],"predecessor-version":[{"id":134750,"href":"https:\/\/iparaiba.com.br\/index.php\/wp-json\/wp\/v2\/posts\/134721\/revisions\/134750"}],"wp:featuredmedia":[{"embeddable":true,"href":"https:\/\/iparaiba.com.br\/index.php\/wp-json\/wp\/v2\/media\/116533"}],"wp:attachment":[{"href":"https:\/\/iparaiba.com.br\/index.php\/wp-json\/wp\/v2\/media?parent=134721"}],"wp:term":[{"taxonomy":"category","embeddable":true,"href":"https:\/\/iparaiba.com.br\/index.php\/wp-json\/wp\/v2\/categories?post=134721"},{"taxonomy":"post_tag","embeddable":true,"href":"https:\/\/iparaiba.com.br\/index.php\/wp-json\/wp\/v2\/tags?post=134721"}],"curies":[{"name":"wp","href":"https:\/\/api.w.org\/{rel}","templated":true}]}}