{"id":134718,"date":"2025-03-17T18:58:09","date_gmt":"2025-03-17T21:58:09","guid":{"rendered":"https:\/\/onordeste.com.br\/?p=134700"},"modified":"2025-03-17T18:58:09","modified_gmt":"2025-03-17T21:58:09","slug":"pf-mte-mpt-ibama-funai-e-pm-combatem-garimpo-ilegal","status":"publish","type":"post","link":"https:\/\/iparaiba.com.br\/index.php\/2025\/03\/17\/pf-mte-mpt-ibama-funai-e-pm-combatem-garimpo-ilegal\/","title":{"rendered":"PF, MTE, MPT, IBAMA, Funai e PM combatem garimpo ilegal"},"content":{"rendered":"<p><b>Manaus\/AM.\u00a0<\/b>A Pol\u00edcia Federal, o Minist\u00e9rio do Trabalho e Emprego (MTE), o Minist\u00e9rio P\u00fablico do Trabalho (MPT), o Instituto Brasileiro do Meio Ambiente e Recursos Renov\u00e1veis (IBAMA), a Funda\u00e7\u00e3o Nacional dos Povos Ind\u00edgenas (FUNAI) e a Pol\u00edcia Militar Ambiental deflagram, entre os dias 10 e 13\/3, realizaram a Opera\u00e7\u00e3o Xapiri para combater organiza\u00e7\u00f5es criminosas que atuam no garimpo ilegal, no leito do Rio Madeira, nas proximidades do munic\u00edpio de Borba\/AM.<\/p>\n<p>A investiga\u00e7\u00e3o se deu por meio de den\u00fancias de conflitos entre garimpeiros e ind\u00edgenas, o que levou a ind\u00edcios de que a popula\u00e7\u00e3o local estaria sendo cooptada por fac\u00e7\u00f5es para atuar no garimpo ilegal na regi\u00e3o.<\/p>\n<p>Durante a opera\u00e7\u00e3o, foi realizada a identifica\u00e7\u00e3o de 25 trabalhadores em situa\u00e7\u00e3o an\u00e1loga \u00e0 escravid\u00e3o, sendo 2 menores de idade. A Auditoria Fiscal do Trabalho e o MPT ir\u00e3o apurar as responsabilidades daqueles que exploram a m\u00e3o-de-obra nas condi\u00e7\u00f5es degradantes constatadas.<\/p>\n<p>Houve ainda a desintrus\u00e3o de \u00e1reas atingidas pelos garimpeiros, al\u00e9m da inutiliza\u00e7\u00e3o de instrumentos e maquin\u00e1rios empregados na atividade de garimpagem ilegal. A opera\u00e7\u00e3o resultou na destrui\u00e7\u00e3o de 23 dragas e embarca\u00e7\u00f5es utilizadas no garimpo ilegal.<\/p>\n<p>Um dos principais objetivos \u00e9 identificar as lideran\u00e7as, os propriet\u00e1rios de dragas e as \u00e1reas drag\u00e1veis utilizadas na atividade ilegal para responsabilizar os envolvidos e desmantelar financeiramente a organiza\u00e7\u00e3o criminosa que se instalou na regi\u00e3o.<\/p>\n<p align=\"right\"><i>Comunica\u00e7\u00e3o Social da Pol\u00edcia Federal no Amazonas<\/i><\/p>\n","protected":false},"excerpt":{"rendered":"<p>Manaus\/AM.\u00a0A Pol\u00edcia Federal, o Minist\u00e9rio do Trabalho e Emprego (MTE), o Minist\u00e9rio P\u00fablico do Trabalho (MPT), o Instituto Brasileiro do Meio Ambiente e Recursos Renov\u00e1veis (IBAMA), a Funda\u00e7\u00e3o Nacional dos Povos Ind\u00edgenas (FUNAI) e a Pol\u00edcia Militar Ambiental deflagram, entre os dias 10 e 13\/3, realizaram a Opera\u00e7\u00e3o Xapiri para combater organiza\u00e7\u00f5es criminosas que atuam &hellip;<\/p>\n","protected":false},"author":1,"featured_media":119151,"comment_status":"open","ping_status":"open","sticky":false,"template":"","format":"standard","meta":{"footnotes":""},"categories":[13],"tags":[],"class_list":["post-134718","post","type-post","status-publish","format-standard","has-post-thumbnail","hentry","category-policial"],"_links":{"self":[{"href":"https:\/\/iparaiba.com.br\/index.php\/wp-json\/wp\/v2\/posts\/134718","targetHints":{"allow":["GET"]}}],"collection":[{"href":"https:\/\/iparaiba.com.br\/index.php\/wp-json\/wp\/v2\/posts"}],"about":[{"href":"https:\/\/iparaiba.com.br\/index.php\/wp-json\/wp\/v2\/types\/post"}],"author":[{"embeddable":true,"href":"https:\/\/iparaiba.com.br\/index.php\/wp-json\/wp\/v2\/users\/1"}],"replies":[{"embeddable":true,"href":"https:\/\/iparaiba.com.br\/index.php\/wp-json\/wp\/v2\/comments?post=134718"}],"version-history":[{"count":1,"href":"https:\/\/iparaiba.com.br\/index.php\/wp-json\/wp\/v2\/posts\/134718\/revisions"}],"predecessor-version":[{"id":134747,"href":"https:\/\/iparaiba.com.br\/index.php\/wp-json\/wp\/v2\/posts\/134718\/revisions\/134747"}],"wp:featuredmedia":[{"embeddable":true,"href":"https:\/\/iparaiba.com.br\/index.php\/wp-json\/wp\/v2\/media\/119151"}],"wp:attachment":[{"href":"https:\/\/iparaiba.com.br\/index.php\/wp-json\/wp\/v2\/media?parent=134718"}],"wp:term":[{"taxonomy":"category","embeddable":true,"href":"https:\/\/iparaiba.com.br\/index.php\/wp-json\/wp\/v2\/categories?post=134718"},{"taxonomy":"post_tag","embeddable":true,"href":"https:\/\/iparaiba.com.br\/index.php\/wp-json\/wp\/v2\/tags?post=134718"}],"curies":[{"name":"wp","href":"https:\/\/api.w.org\/{rel}","templated":true}]}}