{"id":134717,"date":"2025-03-17T15:00:35","date_gmt":"2025-03-17T18:00:35","guid":{"rendered":"https:\/\/onordeste.com.br\/?p=134698"},"modified":"2025-03-17T15:00:35","modified_gmt":"2025-03-17T18:00:35","slug":"procon-comemora-dia-do-consumidor","status":"publish","type":"post","link":"https:\/\/iparaiba.com.br\/index.php\/2025\/03\/17\/procon-comemora-dia-do-consumidor\/","title":{"rendered":"Procon comemora Dia do Consumidor"},"content":{"rendered":"<p>Neste s\u00e1bado, 15, quando se comemora o Dia Mundial do Consumidor, o Procon de Campina Grande fez um Mutir\u00e3o de A\u00e7\u00f5es para a popula\u00e7\u00e3o, durante toda a manh\u00e3, na Pra\u00e7a de Bandeira.<\/p>\n<p>Na a\u00e7\u00e3o, que encerrou a Semana do Consumidor 2025, mais de 100 consumidores foram atendidos, 13 reclama\u00e7\u00f5es registradas e dois autos de infra\u00e7\u00e3o lavrados.<\/p>\n<p>O Mutir\u00e3o de A\u00e7\u00f5es do Procon-CG, foi promovido com o objetivo de oferecer atendimento jur\u00eddico na \u00e1rea consumerista, conscientizar a popula\u00e7\u00e3o sobre os direitos dos consumidores e chamar a aten\u00e7\u00e3o para a import\u00e2ncia da pr\u00e1tica do consumo consciente.<\/p>\n<p>O evento fez parte da programa\u00e7\u00e3o da Semana do Consumidor, que teve in\u00edcio na segunda-feira, 10, e contemplou tamb\u00e9m a realiza\u00e7\u00e3o de palestras educativas em escolas e faculdades.<\/p>\n","protected":false},"excerpt":{"rendered":"<p>Neste s\u00e1bado, 15, quando se comemora o Dia Mundial do Consumidor, o Procon de Campina Grande fez um Mutir\u00e3o de A\u00e7\u00f5es para a popula\u00e7\u00e3o, durante toda a manh\u00e3, na Pra\u00e7a de Bandeira. Na a\u00e7\u00e3o, que encerrou a Semana do Consumidor 2025, mais de 100 consumidores foram atendidos, 13 reclama\u00e7\u00f5es registradas e dois autos de infra\u00e7\u00e3o &hellip;<\/p>\n","protected":false},"author":1,"featured_media":115390,"comment_status":"open","ping_status":"open","sticky":false,"template":"","format":"standard","meta":{"footnotes":""},"categories":[6],"tags":[],"class_list":["post-134717","post","type-post","status-publish","format-standard","has-post-thumbnail","hentry","category-destaques"],"_links":{"self":[{"href":"https:\/\/iparaiba.com.br\/index.php\/wp-json\/wp\/v2\/posts\/134717","targetHints":{"allow":["GET"]}}],"collection":[{"href":"https:\/\/iparaiba.com.br\/index.php\/wp-json\/wp\/v2\/posts"}],"about":[{"href":"https:\/\/iparaiba.com.br\/index.php\/wp-json\/wp\/v2\/types\/post"}],"author":[{"embeddable":true,"href":"https:\/\/iparaiba.com.br\/index.php\/wp-json\/wp\/v2\/users\/1"}],"replies":[{"embeddable":true,"href":"https:\/\/iparaiba.com.br\/index.php\/wp-json\/wp\/v2\/comments?post=134717"}],"version-history":[{"count":1,"href":"https:\/\/iparaiba.com.br\/index.php\/wp-json\/wp\/v2\/posts\/134717\/revisions"}],"predecessor-version":[{"id":134746,"href":"https:\/\/iparaiba.com.br\/index.php\/wp-json\/wp\/v2\/posts\/134717\/revisions\/134746"}],"wp:featuredmedia":[{"embeddable":true,"href":"https:\/\/iparaiba.com.br\/index.php\/wp-json\/wp\/v2\/media\/115390"}],"wp:attachment":[{"href":"https:\/\/iparaiba.com.br\/index.php\/wp-json\/wp\/v2\/media?parent=134717"}],"wp:term":[{"taxonomy":"category","embeddable":true,"href":"https:\/\/iparaiba.com.br\/index.php\/wp-json\/wp\/v2\/categories?post=134717"},{"taxonomy":"post_tag","embeddable":true,"href":"https:\/\/iparaiba.com.br\/index.php\/wp-json\/wp\/v2\/tags?post=134717"}],"curies":[{"name":"wp","href":"https:\/\/api.w.org\/{rel}","templated":true}]}}