{"id":134687,"date":"2025-03-11T11:02:59","date_gmt":"2025-03-11T14:02:59","guid":{"rendered":"https:\/\/onordeste.com.br\/?p=134629"},"modified":"2025-03-11T11:02:59","modified_gmt":"2025-03-11T14:02:59","slug":"anac-suspende-operacoes-de-empresa-aerea","status":"publish","type":"post","link":"https:\/\/iparaiba.com.br\/index.php\/2025\/03\/11\/anac-suspende-operacoes-de-empresa-aerea\/","title":{"rendered":"Anac suspende opera\u00e7\u00f5es de empresa a\u00e9rea"},"content":{"rendered":"<p>A Ag\u00eancia Nacional de Avia\u00e7\u00e3o Civil (Anac) suspendeu, a partir desta ter\u00e7a-feira (11), as opera\u00e7\u00f5es a\u00e9reas da Voepass, formada pela Passaredo Transportes A\u00e9reos e pela Map Linhas A\u00e9reas.<\/p>\n<p>A decis\u00e3o, segundo a ag\u00eancia, foi tomada em car\u00e1ter cautelar. \u201cA suspens\u00e3o vigorar\u00e1 at\u00e9 que se comprove a corre\u00e7\u00e3o de n\u00e3o conformidades relacionadas aos sistemas de gest\u00e3o da empresa previstos em regulamentos\u201d.<\/p>\n<p>Em nota, a Anac informou que passageiros atingidos pelo cancelamento de voos da Voepass devem procurar a empresa ou a ag\u00eancia de viagem respons\u00e1vel pela venda do bilhete para reembolso ou reacomoda\u00e7\u00e3o em outras companhias.<\/p>\n<p>De acordo com o comunicado, a Voepass conta atualmente com seis aeronaves e as opera\u00e7\u00f5es da companhia incluem 15 localidades com voos comerciais e duas com contratos de fretamento.<\/p>\n<p>\u201cA decis\u00e3o da Anac decorre da incapacidade da Voepass em solucionar irregularidades identificadas no curso da supervis\u00e3o realizada pela ag\u00eancia, bem como da viola\u00e7\u00e3o das condicionantes estabelecidas anteriormente para a continuidade da opera\u00e7\u00e3o dentro dos padr\u00f5es de seguran\u00e7a exigidos.\u201d<\/p>\n<p><strong>Entenda<\/strong><br \/>\nNo dia 9 de agosto de 2024, um avi\u00e3o da Voepass caiu na cidade de Vinhedo (SP), matando 62 pessoas. Desde o acidente, segundo a Anac, foi implantada uma opera\u00e7\u00e3o assistida de fiscaliza\u00e7\u00e3o nas instala\u00e7\u00f5es da companhia.<\/p>\n<p>\u201cServidores da ag\u00eancia estiveram presentes nas bases de opera\u00e7\u00e3o e manuten\u00e7\u00e3o da empresa para verificar as condi\u00e7\u00f5es necess\u00e1rias \u00e0 garantia do n\u00edvel adequado de seguran\u00e7a das opera\u00e7\u00f5es.\u201d<\/p>\n<p>Em outubro de 2024, a Anac passou a cobrar da Voepass medidas como redu\u00e7\u00e3o da malha, aumento do tempo em solo das aeronaves para manuten\u00e7\u00e3o, troca de administradores e execu\u00e7\u00e3o do plano de a\u00e7\u00e3o para corre\u00e7\u00f5es das irregularidades.<\/p>\n<p>\u201cNo final de fevereiro de 2025, ap\u00f3s nova rodada de auditorias, foi identificada a degrada\u00e7\u00e3o da efici\u00eancia do sistema de gest\u00e3o da empresa em rela\u00e7\u00e3o \u00e0s atividades monitoradas e o descumprimento sistem\u00e1tico das exig\u00eancias feitas pela ag\u00eancia.\u201d<\/p>\n<p>Foi constatada ainda, segundo a Anac, a reincid\u00eancia de irregularidades apontadas e consideradas sanadas pela ag\u00eancia em a\u00e7\u00f5es de vigil\u00e2ncia e fiscaliza\u00e7\u00e3o anteriores, al\u00e9m da falta de efetividade do plano de a\u00e7\u00f5es corretivas.<\/p>\n<p>\u201cOcorreu, assim, uma quebra de confian\u00e7a em rela\u00e7\u00e3o aos processos internos da empresa devido a evid\u00eancias de que os sistemas da Voepass perderam a capacidade de dar respostas \u00e0 identifica\u00e7\u00e3o e corre\u00e7\u00e3o de riscos da opera\u00e7\u00e3o a\u00e9rea.\u201d<\/p>\n<p>\u201cDessa forma, a Anac determinou a suspens\u00e3o das opera\u00e7\u00f5es da empresa at\u00e9 que seja evidenciada a retomada de sua capacidade de garantir o n\u00edvel de seguran\u00e7a previsto nos regulamentos vigentes\u201d, concluiu a ag\u00eancia.<\/p>\n<p><em>*Informa\u00e7\u00f5es da Ag\u00eancia Brasil<\/em><\/p>\n","protected":false},"excerpt":{"rendered":"<p>A Ag\u00eancia Nacional de Avia\u00e7\u00e3o Civil (Anac) suspendeu, a partir desta ter\u00e7a-feira (11), as opera\u00e7\u00f5es a\u00e9reas da Voepass, formada pela Passaredo Transportes A\u00e9reos e pela Map Linhas A\u00e9reas. A decis\u00e3o, segundo a ag\u00eancia, foi tomada em car\u00e1ter cautelar. \u201cA suspens\u00e3o vigorar\u00e1 at\u00e9 que se comprove a corre\u00e7\u00e3o de n\u00e3o conformidades relacionadas aos sistemas de gest\u00e3o &hellip;<\/p>\n","protected":false},"author":1,"featured_media":134688,"comment_status":"open","ping_status":"open","sticky":false,"template":"","format":"standard","meta":{"footnotes":""},"categories":[18],"tags":[],"class_list":["post-134687","post","type-post","status-publish","format-standard","has-post-thumbnail","hentry","category-brasil"],"_links":{"self":[{"href":"https:\/\/iparaiba.com.br\/index.php\/wp-json\/wp\/v2\/posts\/134687","targetHints":{"allow":["GET"]}}],"collection":[{"href":"https:\/\/iparaiba.com.br\/index.php\/wp-json\/wp\/v2\/posts"}],"about":[{"href":"https:\/\/iparaiba.com.br\/index.php\/wp-json\/wp\/v2\/types\/post"}],"author":[{"embeddable":true,"href":"https:\/\/iparaiba.com.br\/index.php\/wp-json\/wp\/v2\/users\/1"}],"replies":[{"embeddable":true,"href":"https:\/\/iparaiba.com.br\/index.php\/wp-json\/wp\/v2\/comments?post=134687"}],"version-history":[{"count":0,"href":"https:\/\/iparaiba.com.br\/index.php\/wp-json\/wp\/v2\/posts\/134687\/revisions"}],"wp:featuredmedia":[{"embeddable":true,"href":"https:\/\/iparaiba.com.br\/index.php\/wp-json\/wp\/v2\/media\/134688"}],"wp:attachment":[{"href":"https:\/\/iparaiba.com.br\/index.php\/wp-json\/wp\/v2\/media?parent=134687"}],"wp:term":[{"taxonomy":"category","embeddable":true,"href":"https:\/\/iparaiba.com.br\/index.php\/wp-json\/wp\/v2\/categories?post=134687"},{"taxonomy":"post_tag","embeddable":true,"href":"https:\/\/iparaiba.com.br\/index.php\/wp-json\/wp\/v2\/tags?post=134687"}],"curies":[{"name":"wp","href":"https:\/\/api.w.org\/{rel}","templated":true}]}}