{"id":134686,"date":"2025-03-11T11:01:39","date_gmt":"2025-03-11T14:01:39","guid":{"rendered":"https:\/\/onordeste.com.br\/?p=134627"},"modified":"2025-03-11T11:01:39","modified_gmt":"2025-03-11T14:01:39","slug":"ccj-e-favoravel-a-gratificacao-de-periculosidade-aos-agentes-de-mobilidade-urbana","status":"publish","type":"post","link":"https:\/\/iparaiba.com.br\/index.php\/2025\/03\/11\/ccj-e-favoravel-a-gratificacao-de-periculosidade-aos-agentes-de-mobilidade-urbana\/","title":{"rendered":"CCJ \u00e9 favor\u00e1vel \u00e0 Gratifica\u00e7\u00e3o de Periculosidade aos Agentes de Mobilidade Urbana"},"content":{"rendered":"<p align=\"justify\">A Comiss\u00e3o de Constitui\u00e7\u00e3o, Justi\u00e7a, Reda\u00e7\u00e3o e Legisla\u00e7\u00e3o Participativa (CCJ) da C\u00e2mara Municipal de Jo\u00e3o Pessoa (CMJP) aprovou parecer favor\u00e1vel ao Projeto de Lei Ordin\u00e1ria (PLO), de autoria do Executivo Municipal, que institui o pagamento da Gratifica\u00e7\u00e3o de Periculosidade aos Agentes de Mobilidade Urbana. O colegiado apreciou 41 mat\u00e9rias, das quais tiveram pareceres favor\u00e1veis aprovados 19 Projetos de Lei Ordin\u00e1ria (PLO), cinco Medidas Provis\u00f3rias (MP), dois Projetos de Decreto Legislativo (PDL) e um Projeto de Resolu\u00e7\u00e3o. Dentre os PLOs, cinco receberam pedido de vista, quatro foram retirados de pauta e um foi rejeitado. Ainda foram mantidos quatro Vetos do Executivo.<\/p>\n<p align=\"justify\">O PLO\u00a0<u><a href=\"https:\/\/sapl.joaopessoa.pb.leg.br\/materia\/pesquisar-materia?tipo=1&amp;ementa=&amp;numero=91&amp;numeracao__numero_materia=&amp;numero_protocolo=&amp;ano=2025&amp;autoria__autor=&amp;autoria__primeiro_autor=unknown&amp;autoria__autor__tipo=&amp;autoria__autor__parlamentar_set__filiacao__partido=&amp;o=&amp;tipo_listagem=1&amp;tipo_origem_externa=&amp;numero_origem_externa=&amp;ano_origem_externa=&amp;data_origem_externa_0=&amp;data_origem_externa_1=&amp;local_origem_externa=&amp;data_apresentacao_0=&amp;data_apresentacao_1=&amp;data_publicacao_0=&amp;data_publicacao_1=&amp;relatoria__parlamentar_id=&amp;em_tramitacao=&amp;tramitacao__unidade_tramitacao_destino=&amp;tramitacao__status=&amp;materiaassunto__assunto=&amp;indexacao=&amp;regime_tramitacao=&amp;salvar=Pesquisar\" target=\"_blank\" rel=\"noopener\" data-saferedirecturl=\"https:\/\/www.google.com\/url?q=https:\/\/sapl.joaopessoa.pb.leg.br\/materia\/pesquisar-materia?tipo%3D1%26ementa%3D%26numero%3D91%26numeracao__numero_materia%3D%26numero_protocolo%3D%26ano%3D2025%26autoria__autor%3D%26autoria__primeiro_autor%3Dunknown%26autoria__autor__tipo%3D%26autoria__autor__parlamentar_set__filiacao__partido%3D%26o%3D%26tipo_listagem%3D1%26tipo_origem_externa%3D%26numero_origem_externa%3D%26ano_origem_externa%3D%26data_origem_externa_0%3D%26data_origem_externa_1%3D%26local_origem_externa%3D%26data_apresentacao_0%3D%26data_apresentacao_1%3D%26data_publicacao_0%3D%26data_publicacao_1%3D%26relatoria__parlamentar_id%3D%26em_tramitacao%3D%26tramitacao__unidade_tramitacao_destino%3D%26tramitacao__status%3D%26materiaassunto__assunto%3D%26indexacao%3D%26regime_tramitacao%3D%26salvar%3DPesquisar&amp;source=gmail&amp;ust=1741787521309000&amp;usg=AOvVaw0BqbNSNKqJMGGEBrSK6npQ\">91\/2025<\/a><\/u>, do Executivo Municipal, acatado, institui a Gratifica\u00e7\u00e3o de Periculosidade a ser concedida aos Agentes de Mobilidade Urbana de Jo\u00e3o Pessoa em atividade na Superintend\u00eancia de Mobilidade Urbana (Semob), em percentual de 30% incidente sobre o valor do vencimento do servidor. Essa gratifica\u00e7\u00e3o \u00e9 compat\u00edvel com as demais gratifica\u00e7\u00f5es que remuneram o agente de mobilidade urbana, independente da fun\u00e7\u00e3o exercida.<\/p>\n<p align=\"justify\">De autoria do Executivo Municipal, ainda foram acatadas cinco Medidas Provis\u00f3rias. A MP\u00a0<u><a href=\"https:\/\/sapl.joaopessoa.pb.leg.br\/materia\/pesquisar-materia?tipo=16&amp;ementa=&amp;numero=52&amp;numeracao__numero_materia=&amp;numero_protocolo=&amp;ano=2024&amp;autoria__autor=&amp;autoria__primeiro_autor=unknown&amp;autoria__autor__tipo=&amp;autoria__autor__\" target=\"_blank\" rel=\"noopener\" data-saferedirecturl=\"https:\/\/www.google.com\/url?q=https:\/\/sapl.joaopessoa.pb.leg.br\/materia\/pesquisar-materia?tipo%3D16%26ementa%3D%26numero%3D52%26numeracao__numero_materia%3D%26numero_protocolo%3D%26ano%3D2024%26autoria__autor%3D%26autoria__primeiro_autor%3Dunknown%26autoria__autor__tipo%3D%26autoria__autor__&amp;source=gmail&amp;ust=1741787521309000&amp;usg=AOvVaw2yd9mTSrFkbMgmJvlo233O\">52\/2024<\/a><\/u>\u00a0prorroga, a partir de 1\u00ba de janeiro at\u00e9 31 de dezembro de 2025, a isen\u00e7\u00e3o parcial do Imposto Sobre Servi\u00e7o de Qualquer Natureza, incidente no servi\u00e7o p\u00fablico prestado pelas empresas concession\u00e1rias de transporte coletivo municipal rodovi\u00e1rio de passageiros, que foi concedida com base na Lei Complementar n.\u00ba 154, de 31 de mar\u00e7o de 2023. A MP\u00a0<u><a href=\"https:\/\/sapl.joaopessoa.pb.leg.br\/materia\/pesquisar-materia?tipo=16&amp;ementa=&amp;numero=54&amp;numeracao__numero_materia=&amp;numero_protocolo=&amp;ano=2025&amp;autoria__autor=&amp;autoria__primeiro_autor=unknown&amp;autoria__autor__tipo=&amp;autoria__autor__parlamentar_set__filiacao__partido=&amp;o=&amp;tipo_listagem=1&amp;tipo_origem_externa=&amp;numero_origem_externa=&amp;ano_origem_externa=&amp;data_origem_externa_0=&amp;data_origem_externa_1=&amp;local_origem_externa=&amp;data_apresentacao_0=&amp;data_apresentacao_1=&amp;data_publicacao_0=&amp;data_publicacao_1=&amp;relatoria__parlamentar_id=&amp;em_tramitacao=&amp;tramitacao__unidade_tramitacao_destino=&amp;tramitacao__status=&amp;materiaassunto__assunto=&amp;indexacao=&amp;regime_tramitacao=&amp;salvar=Pesquisar\" target=\"_blank\" rel=\"noopener\" data-saferedirecturl=\"https:\/\/www.google.com\/url?q=https:\/\/sapl.joaopessoa.pb.leg.br\/materia\/pesquisar-materia?tipo%3D16%26ementa%3D%26numero%3D54%26numeracao__numero_materia%3D%26numero_protocolo%3D%26ano%3D2025%26autoria__autor%3D%26autoria__primeiro_autor%3Dunknown%26autoria__autor__tipo%3D%26autoria__autor__parlamentar_set__filiacao__partido%3D%26o%3D%26tipo_listagem%3D1%26tipo_origem_externa%3D%26numero_origem_externa%3D%26ano_origem_externa%3D%26data_origem_externa_0%3D%26data_origem_externa_1%3D%26local_origem_externa%3D%26data_apresentacao_0%3D%26data_apresentacao_1%3D%26data_publicacao_0%3D%26data_publicacao_1%3D%26relatoria__parlamentar_id%3D%26em_tramitacao%3D%26tramitacao__unidade_tramitacao_destino%3D%26tramitacao__status%3D%26materiaassunto__assunto%3D%26indexacao%3D%26regime_tramitacao%3D%26salvar%3DPesquisar&amp;source=gmail&amp;ust=1741787521309000&amp;usg=AOvVaw1IVC0XnIHpVM1mbqE7lUyP\">54\/2025<\/a><\/u>\u00a0disp\u00f5e sobre a estrutura administrativa da Secretaria de Educa\u00e7\u00e3o e Cultura da Prefeitura de Jo\u00e3o Pessoa no que tange o quadro de cargos em comiss\u00e3o. A MP\u00a0<u><a href=\"https:\/\/sapl.joaopessoa.pb.leg.br\/materia\/pesquisar-materia?tipo=16&amp;ementa=&amp;numero=56&amp;numeracao__numero_materia=&amp;numero_protocolo=&amp;ano=2025&amp;autoria__autor=&amp;autoria__primeiro_autor=unknown&amp;autoria__autor__tipo=&amp;autoria__autor__parlamentar_set__filiacao__partido=&amp;o=&amp;tipo_listagem=1&amp;tipo_origem_externa=&amp;numero_origem_externa=&amp;ano_origem_externa=&amp;data_origem_externa_0=&amp;data_origem_externa_1=&amp;local_origem_externa=&amp;data_apresentacao_0=&amp;data_apresentacao_1=&amp;data_publicacao_0=&amp;data_publicacao_1=&amp;relatoria__parlamentar_id=&amp;em_tramitacao=&amp;tramitacao__unidade_tramitacao_destino=&amp;tramitacao__status=&amp;materiaassunto__assunto=&amp;indexacao=&amp;regime_tramitacao=&amp;salvar=Pesquisar\" target=\"_blank\" rel=\"noopener\" data-saferedirecturl=\"https:\/\/www.google.com\/url?q=https:\/\/sapl.joaopessoa.pb.leg.br\/materia\/pesquisar-materia?tipo%3D16%26ementa%3D%26numero%3D56%26numeracao__numero_materia%3D%26numero_protocolo%3D%26ano%3D2025%26autoria__autor%3D%26autoria__primeiro_autor%3Dunknown%26autoria__autor__tipo%3D%26autoria__autor__parlamentar_set__filiacao__partido%3D%26o%3D%26tipo_listagem%3D1%26tipo_origem_externa%3D%26numero_origem_externa%3D%26ano_origem_externa%3D%26data_origem_externa_0%3D%26data_origem_externa_1%3D%26local_origem_externa%3D%26data_apresentacao_0%3D%26data_apresentacao_1%3D%26data_publicacao_0%3D%26data_publicacao_1%3D%26relatoria__parlamentar_id%3D%26em_tramitacao%3D%26tramitacao__unidade_tramitacao_destino%3D%26tramitacao__status%3D%26materiaassunto__assunto%3D%26indexacao%3D%26regime_tramitacao%3D%26salvar%3DPesquisar&amp;source=gmail&amp;ust=1741787521309000&amp;usg=AOvVaw3wBILafPC1mn_hpstCSzmS\">56\/2025<\/a><\/u>\u00a0concede reajuste setorial de vencimento de 7,5% aos Profissionais da Educa\u00e7\u00e3o, abrangidos pela Lei Complementar n\u00ba 60, de 29 de mar\u00e7o de 2010, tendo como base de c\u00e1lculo os vencimentos correspondentes ao m\u00eas de dezembro de 2024 e respeitando o piso nacional definido pelo Governo Federal. A MP\u00a0<u><a href=\"https:\/\/sapl.joaopessoa.pb.leg.br\/materia\/pesquisar-materia?tipo=16&amp;ementa=&amp;numero=59&amp;numeracao__numero_materia=&amp;numero_protocolo=&amp;ano=2025&amp;autoria__autor=&amp;autoria__primeiro_autor=unknown&amp;autoria__autor__tipo=&amp;autoria__autor__parlamentar_set__filiacao__partido=&amp;o=&amp;tipo_listagem=1&amp;tipo_origem_externa=&amp;numero_origem_externa=&amp;ano_origem_externa=&amp;data_origem_externa_0=&amp;data_origem_externa_1=&amp;local_origem_externa=&amp;data_apresentacao_0=&amp;data_apresentacao_1=&amp;data_publicacao_0=&amp;data_publicacao_1=&amp;relatoria__parlamentar_id=&amp;em_tramitacao=&amp;tramitacao__unidade_tramitacao_destino=&amp;tramitacao__status=&amp;materiaassunto__assunto=&amp;indexacao=&amp;regime_tramitacao=&amp;salvar=Pesquisar\" target=\"_blank\" rel=\"noopener\" data-saferedirecturl=\"https:\/\/www.google.com\/url?q=https:\/\/sapl.joaopessoa.pb.leg.br\/materia\/pesquisar-materia?tipo%3D16%26ementa%3D%26numero%3D59%26numeracao__numero_materia%3D%26numero_protocolo%3D%26ano%3D2025%26autoria__autor%3D%26autoria__primeiro_autor%3Dunknown%26autoria__autor__tipo%3D%26autoria__autor__parlamentar_set__filiacao__partido%3D%26o%3D%26tipo_listagem%3D1%26tipo_origem_externa%3D%26numero_origem_externa%3D%26ano_origem_externa%3D%26data_origem_externa_0%3D%26data_origem_externa_1%3D%26local_origem_externa%3D%26data_apresentacao_0%3D%26data_apresentacao_1%3D%26data_publicacao_0%3D%26data_publicacao_1%3D%26relatoria__parlamentar_id%3D%26em_tramitacao%3D%26tramitacao__unidade_tramitacao_destino%3D%26tramitacao__status%3D%26materiaassunto__assunto%3D%26indexacao%3D%26regime_tramitacao%3D%26salvar%3DPesquisar&amp;source=gmail&amp;ust=1741787521309000&amp;usg=AOvVaw3VBXZB5TfXkMbfJ71gtijQ\">59\/2025<\/a><\/u>\u00a0institui o Programa Campe\u00f5es do Amanh\u00e3 como pol\u00edtica p\u00fablica de promo\u00e7\u00e3o esportiva e cria a Funda\u00e7\u00e3o P\u00fablica de Direito Privado Campe\u00f5es do Amanh\u00e3 para sua gest\u00e3o, com o objetivo de fomentar a pr\u00e1tica esportiva de crian\u00e7as e adolescentes de 8 a 15 anos, promovendo inclus\u00e3o social, bem-estar e desenvolvimento humano. A MP\u00a0<u><a href=\"https:\/\/sapl.joaopessoa.pb.leg.br\/materia\/pesquisar-materia?tipo=16&amp;ementa=&amp;numero=62&amp;numeracao__numero_materia=&amp;numero_protocolo=&amp;ano=2025&amp;autoria__autor=&amp;autoria__primeiro_autor=unknown&amp;autoria__autor__tipo=&amp;autoria__autor__parlamentar_set__filiacao__partido=&amp;o=&amp;tipo_listagem=1&amp;tipo_origem_externa=&amp;numero_origem_externa=&amp;ano_origem_externa=&amp;data_origem_externa_0=&amp;data_origem_externa_1=&amp;local_origem_externa=&amp;data_apresentacao_0=&amp;data_apresentacao_1=&amp;data_publicacao_0=&amp;data_publicacao_1=&amp;relatoria__parlamentar_id=&amp;em_tramitacao=&amp;tramitacao__unidade_tramitacao_destino=&amp;tramitacao__status=&amp;materiaassunto__assunto=&amp;indexacao=&amp;regime_tramitacao=&amp;salvar=Pesquisar\" target=\"_blank\" rel=\"noopener\" data-saferedirecturl=\"https:\/\/www.google.com\/url?q=https:\/\/sapl.joaopessoa.pb.leg.br\/materia\/pesquisar-materia?tipo%3D16%26ementa%3D%26numero%3D62%26numeracao__numero_materia%3D%26numero_protocolo%3D%26ano%3D2025%26autoria__autor%3D%26autoria__primeiro_autor%3Dunknown%26autoria__autor__tipo%3D%26autoria__autor__parlamentar_set__filiacao__partido%3D%26o%3D%26tipo_listagem%3D1%26tipo_origem_externa%3D%26numero_origem_externa%3D%26ano_origem_externa%3D%26data_origem_externa_0%3D%26data_origem_externa_1%3D%26local_origem_externa%3D%26data_apresentacao_0%3D%26data_apresentacao_1%3D%26data_publicacao_0%3D%26data_publicacao_1%3D%26relatoria__parlamentar_id%3D%26em_tramitacao%3D%26tramitacao__unidade_tramitacao_destino%3D%26tramitacao__status%3D%26materiaassunto__assunto%3D%26indexacao%3D%26regime_tramitacao%3D%26salvar%3DPesquisar&amp;source=gmail&amp;ust=1741787521309000&amp;usg=AOvVaw2px2qAJlTrRSpr_kTD41Ma\">62\/2025<\/a><\/u>\u00a0disp\u00f5e sobre a estrutura administrativa e organizacional da Secretaria de Planejamento do Munic\u00edpio de Jo\u00e3o Pessoa (Seplan), simplificando a gest\u00e3o de cargos em comiss\u00e3o e fun\u00e7\u00f5es de confian\u00e7a, com o objetivo de aprimorar a efici\u00eancia da administra\u00e7\u00e3o p\u00fablica municipal, garantindo maior integra\u00e7\u00e3o entre as \u00e1reas de planejamento, or\u00e7amento e controle urbano.<\/p>\n<p align=\"justify\">Dentre as mat\u00e9rias de autoria dos vereadores com pareceres favor\u00e1veis aprovados foram destaque os seguintes PLOs:\u00a0<u><a href=\"https:\/\/sapl.joaopessoa.pb.leg.br\/materia\/pesquisar-materia?tipo=1&amp;ementa=&amp;numero=2301&amp;numeracao__numero_materia=&amp;numero_protocolo=&amp;ano=2024&amp;autoria__autor=&amp;autoria__primeiro_autor=unknown&amp;autoria__autor__tipo=&amp;autoria__autor__parlamentar_set__filiacao__partido=&amp;o=&amp;tipo_listagem=1&amp;tipo_origem_externa=&amp;numero_origem_externa=&amp;ano_origem_externa=&amp;data_origem_externa_0=&amp;data_origem_externa_1=&amp;local_origem_externa=&amp;data_apresentacao_0=&amp;data_apresentacao_1=&amp;data_publicacao_0=&amp;data_publicacao_1=&amp;relatoria__parlamentar_id=&amp;em_tramitacao=&amp;tramitacao__unidade_tramitacao_destino=&amp;tramitacao__status=&amp;materiaassunto__assunto=&amp;indexacao=&amp;regime_tramitacao=&amp;salvar=Pesquisar\" target=\"_blank\" rel=\"noopener\" data-saferedirecturl=\"https:\/\/www.google.com\/url?q=https:\/\/sapl.joaopessoa.pb.leg.br\/materia\/pesquisar-materia?tipo%3D1%26ementa%3D%26numero%3D2301%26numeracao__numero_materia%3D%26numero_protocolo%3D%26ano%3D2024%26autoria__autor%3D%26autoria__primeiro_autor%3Dunknown%26autoria__autor__tipo%3D%26autoria__autor__parlamentar_set__filiacao__partido%3D%26o%3D%26tipo_listagem%3D1%26tipo_origem_externa%3D%26numero_origem_externa%3D%26ano_origem_externa%3D%26data_origem_externa_0%3D%26data_origem_externa_1%3D%26local_origem_externa%3D%26data_apresentacao_0%3D%26data_apresentacao_1%3D%26data_publicacao_0%3D%26data_publicacao_1%3D%26relatoria__parlamentar_id%3D%26em_tramitacao%3D%26tramitacao__unidade_tramitacao_destino%3D%26tramitacao__status%3D%26materiaassunto__assunto%3D%26indexacao%3D%26regime_tramitacao%3D%26salvar%3DPesquisar&amp;source=gmail&amp;ust=1741787521309000&amp;usg=AOvVaw0dplVUVBCE0IEHjyLXGkbL\">2301\/2024<\/a><\/u>, de Tarc\u00edsio Jardim (PP), que cria a Carteira de Identifica\u00e7\u00e3o Funcional do Agente de Mobilidade Urbana em exerc\u00edcio no munic\u00edpio de Jo\u00e3o Pessoa, a qual ser\u00e1 dotada de f\u00e9 p\u00fablica e constituir\u00e1 prova de identidade civil, conforme preceitua o Art. 2\u00ba, inc. V, da Lei Federal 12.037\/2009; e\u00a0<u><a href=\"https:\/\/sapl.joaopessoa.pb.leg.br\/materia\/pesquisar-materia?tipo=1&amp;ementa=&amp;numero=3&amp;numeracao__numero_materia=&amp;numero_protocolo=&amp;ano=2025&amp;autoria__autor=&amp;autoria__primeiro_autor=unknown&amp;autoria__autor__tipo=&amp;autoria__autor__parlamentar_set__filiacao__partido=&amp;o=&amp;tipo_listagem=1&amp;tipo_origem_externa=&amp;numero_origem_externa=&amp;ano_origem_externa=&amp;data_origem_externa_0=&amp;data_origem_externa_1=&amp;local_origem_externa=&amp;data_apresentacao_0=&amp;data_apresentacao_1=&amp;data_publicacao_0=&amp;data_publicacao_1=&amp;relatoria__parlamentar_id=&amp;em_tramitacao=&amp;tramitacao__unidade_tramitacao_destino=&amp;tramitacao__status=&amp;materiaassunto__assunto=&amp;indexacao=&amp;regime_tramitacao=&amp;salvar=Pesquisar\" target=\"_blank\" rel=\"noopener\" data-saferedirecturl=\"https:\/\/www.google.com\/url?q=https:\/\/sapl.joaopessoa.pb.leg.br\/materia\/pesquisar-materia?tipo%3D1%26ementa%3D%26numero%3D3%26numeracao__numero_materia%3D%26numero_protocolo%3D%26ano%3D2025%26autoria__autor%3D%26autoria__primeiro_autor%3Dunknown%26autoria__autor__tipo%3D%26autoria__autor__parlamentar_set__filiacao__partido%3D%26o%3D%26tipo_listagem%3D1%26tipo_origem_externa%3D%26numero_origem_externa%3D%26ano_origem_externa%3D%26data_origem_externa_0%3D%26data_origem_externa_1%3D%26local_origem_externa%3D%26data_apresentacao_0%3D%26data_apresentacao_1%3D%26data_publicacao_0%3D%26data_publicacao_1%3D%26relatoria__parlamentar_id%3D%26em_tramitacao%3D%26tramitacao__unidade_tramitacao_destino%3D%26tramitacao__status%3D%26materiaassunto__assunto%3D%26indexacao%3D%26regime_tramitacao%3D%26salvar%3DPesquisar&amp;source=gmail&amp;ust=1741787521309000&amp;usg=AOvVaw3DiiX2vFjtHafcwsrVrhup\">3\/2025<\/a><\/u>, de Odon Bezerra (PSB), determinando que o munic\u00edpio de Jo\u00e3o Pessoa executar\u00e1 em seus \u00f3rg\u00e3os p\u00fablicos, que emitam som e que possuam frequ\u00eancia coletiva e fluxo tur\u00edstico, exclusivamente obras musicais de autoria ou interpreta\u00e7\u00e3o de artistas paraibanos, visando a incentivar a cultura paraibana, dando maior visibilidade e acesso da popula\u00e7\u00e3o \u00e0s obras dos artistas locais, conforme previsto no art. 23, V, e art. 30, I e IX, da Constitui\u00e7\u00e3o Federal e arts. 5\u00ba, XXXIX, f, 6\u00ba, V, 196 e ss., da Lei Org\u00e2nica Municipal, a Pol\u00edtica Municipal de Valoriza\u00e7\u00e3o das Personalidades Art\u00edsticas e Culturais (lei 15.298\/2024) e o Sistema Municipal de Cultura (lei 14.118\/2021).<\/p>\n<p align=\"justify\">O Projeto de Resolu\u00e7\u00e3o\u00a0<u><a href=\"https:\/\/sapl.joaopessoa.pb.leg.br\/materia\/pesquisar-materia?tipo=2&amp;ementa=&amp;numero=1&amp;numeracao__numero_materia=&amp;numero_protocolo=&amp;ano=2025&amp;autoria__autor=&amp;autoria__primeiro_autor=unknown&amp;autoria__autor__tipo=&amp;autoria__autor__parlamentar_set__filiacao__partido=&amp;o=&amp;tipo_listagem=1&amp;tipo_origem_externa=&amp;numero_origem_externa=&amp;ano_origem_externa=&amp;data_origem_externa_0=&amp;data_origem_externa_1=&amp;local_origem_externa=&amp;data_apresentacao_0=&amp;data_apresentacao_1=&amp;data_publicacao_0=&amp;data_publicacao_1=&amp;relatoria__parlamentar_id=&amp;em_tramitacao=&amp;tramitacao__unidade_tramitacao_destino=&amp;tramitacao__status=&amp;materiaassunto__assunto=&amp;indexacao=&amp;regime_tramitacao=&amp;salvar=Pesquisar\" target=\"_blank\" rel=\"noopener\" data-saferedirecturl=\"https:\/\/www.google.com\/url?q=https:\/\/sapl.joaopessoa.pb.leg.br\/materia\/pesquisar-materia?tipo%3D2%26ementa%3D%26numero%3D1%26numeracao__numero_materia%3D%26numero_protocolo%3D%26ano%3D2025%26autoria__autor%3D%26autoria__primeiro_autor%3Dunknown%26autoria__autor__tipo%3D%26autoria__autor__parlamentar_set__filiacao__partido%3D%26o%3D%26tipo_listagem%3D1%26tipo_origem_externa%3D%26numero_origem_externa%3D%26ano_origem_externa%3D%26data_origem_externa_0%3D%26data_origem_externa_1%3D%26local_origem_externa%3D%26data_apresentacao_0%3D%26data_apresentacao_1%3D%26data_publicacao_0%3D%26data_publicacao_1%3D%26relatoria__parlamentar_id%3D%26em_tramitacao%3D%26tramitacao__unidade_tramitacao_destino%3D%26tramitacao__status%3D%26materiaassunto__assunto%3D%26indexacao%3D%26regime_tramitacao%3D%26salvar%3DPesquisar&amp;source=gmail&amp;ust=1741787521309000&amp;usg=AOvVaw2ocow47on4bH2wzq-ay37w\">1\/2025<\/a><\/u>, de autoria da vereadora Eliza Virg\u00ednia (PP), que recebeu parecer favor\u00e1vel, altera o Regimento Interno da CMJP para criar a figura de membros suplentes nas comiss\u00f5es permanentes, estabelecer regras para aus\u00eancia dos membros titulares e permitir a atua\u00e7\u00e3o de suplentes em reuni\u00f5es.<\/p>\n<p align=\"justify\">Ainda foram acatados dois Projetos de Decreto Legislativo (PDL): o PDL 3\/2025, de Carl\u00e3o (PL), concedendo a Medalha Cidade de Jo\u00e3o Pessoa ao advogado Valberto Alves de Azevedo Filho; e o PDL\u00a0<u><a href=\"https:\/\/sapl.joaopessoa.pb.leg.br\/media\/sapl\/public\/materialegislativa\/2025\/182333\/projeto_decreto_legislativo_titulo_nabor_wanderley__curriculo__certidoes.pdf\" target=\"_blank\" rel=\"noopener\" data-saferedirecturl=\"https:\/\/www.google.com\/url?q=https:\/\/sapl.joaopessoa.pb.leg.br\/media\/sapl\/public\/materialegislativa\/2025\/182333\/projeto_decreto_legislativo_titulo_nabor_wanderley__curriculo__certidoes.pdf&amp;source=gmail&amp;ust=1741787521309000&amp;usg=AOvVaw0sejKGe-yKefc_WkyNmVp-\">5\/2025<\/a><\/u>, de Mikika Leit\u00e3o (Republicanos), outorgando o T\u00edtulo de Cidad\u00e3o Pessoense ao prefeito de Patos Nabor Wanderley da N\u00f3brega Filho.<\/p>\n<p align=\"justify\">CMJP<\/p>\n","protected":false},"excerpt":{"rendered":"<p>A Comiss\u00e3o de Constitui\u00e7\u00e3o, Justi\u00e7a, Reda\u00e7\u00e3o e Legisla\u00e7\u00e3o Participativa (CCJ) da C\u00e2mara Municipal de Jo\u00e3o Pessoa (CMJP) aprovou parecer favor\u00e1vel ao Projeto de Lei Ordin\u00e1ria (PLO), de autoria do Executivo Municipal, que institui o pagamento da Gratifica\u00e7\u00e3o de Periculosidade aos Agentes de Mobilidade Urbana. O colegiado apreciou 41 mat\u00e9rias, das quais tiveram pareceres favor\u00e1veis aprovados &hellip;<\/p>\n","protected":false},"author":1,"featured_media":116550,"comment_status":"open","ping_status":"open","sticky":false,"template":"","format":"standard","meta":{"footnotes":""},"categories":[13],"tags":[],"class_list":["post-134686","post","type-post","status-publish","format-standard","has-post-thumbnail","hentry","category-policial"],"_links":{"self":[{"href":"https:\/\/iparaiba.com.br\/index.php\/wp-json\/wp\/v2\/posts\/134686","targetHints":{"allow":["GET"]}}],"collection":[{"href":"https:\/\/iparaiba.com.br\/index.php\/wp-json\/wp\/v2\/posts"}],"about":[{"href":"https:\/\/iparaiba.com.br\/index.php\/wp-json\/wp\/v2\/types\/post"}],"author":[{"embeddable":true,"href":"https:\/\/iparaiba.com.br\/index.php\/wp-json\/wp\/v2\/users\/1"}],"replies":[{"embeddable":true,"href":"https:\/\/iparaiba.com.br\/index.php\/wp-json\/wp\/v2\/comments?post=134686"}],"version-history":[{"count":0,"href":"https:\/\/iparaiba.com.br\/index.php\/wp-json\/wp\/v2\/posts\/134686\/revisions"}],"wp:featuredmedia":[{"embeddable":true,"href":"https:\/\/iparaiba.com.br\/index.php\/wp-json\/wp\/v2\/media\/116550"}],"wp:attachment":[{"href":"https:\/\/iparaiba.com.br\/index.php\/wp-json\/wp\/v2\/media?parent=134686"}],"wp:term":[{"taxonomy":"category","embeddable":true,"href":"https:\/\/iparaiba.com.br\/index.php\/wp-json\/wp\/v2\/categories?post=134686"},{"taxonomy":"post_tag","embeddable":true,"href":"https:\/\/iparaiba.com.br\/index.php\/wp-json\/wp\/v2\/tags?post=134686"}],"curies":[{"name":"wp","href":"https:\/\/api.w.org\/{rel}","templated":true}]}}