{"id":134682,"date":"2025-03-14T18:01:00","date_gmt":"2025-03-14T21:01:00","guid":{"rendered":"https:\/\/onordeste.com.br\/?p=134682"},"modified":"2025-03-14T18:01:00","modified_gmt":"2025-03-14T21:01:00","slug":"governo-garante-remuneracao-para-alimentos-produzidos-pela-agricultura-familiar","status":"publish","type":"post","link":"https:\/\/iparaiba.com.br\/index.php\/2025\/03\/14\/governo-garante-remuneracao-para-alimentos-produzidos-pela-agricultura-familiar\/","title":{"rendered":"Governo garante remunera\u00e7\u00e3o para alimentos produzidos pela agricultura familiar"},"content":{"rendered":"<p class=\"content-header-options-1 row-fluid\">A lista do m\u00eas de mar\u00e7o dos produtos que ser\u00e3o beneficiados com o b\u00f4nus do Programa de Garantia de Pre\u00e7os para a Agricultura Familiar (PGPAF), da Companhia Nacional de Abastecimento (Conab), foi publicada nesta segunda-feira (10) no Di\u00e1rio Oficial da Uni\u00e3o.<\/p>\n<p class=\"content-header-options-1 row-fluid\">O programa tem como objetivo apoiar os agricultores cujos pre\u00e7os recebidos por seus cultivos ficaram abaixo da garantia estabelecida, oferecendo descontos nas parcelas do Programa Nacional de Fortalecimento da Agricultura Familiar (Pronaf).\u00a0A medida incentiva a agricultura familiar a manter e ampliar o plantio, mesmo que os pre\u00e7os de venda fiquem abaixo do custo de produ\u00e7\u00e3o.<\/p>\n<p align=\"justify\">Em rela\u00e7\u00e3o \u00e0 lista do m\u00eas anterior, houve a inclus\u00e3o da banana (em Santa Catarina), do feij\u00e3o (em Mato Grosso do Sul), do mel de abelha (em Sergipe), da raiz de mandioca (no Rio de Janeiro).<\/p>\n<p align=\"justify\">A portaria com os valores do b\u00f4nus mensal \u00e9 divulgada pelo Minist\u00e9rio do Desenvolvimento Agr\u00e1rio e Agricultura Familiar (MDA). Nesta edi\u00e7\u00e3o, o benef\u00edcio entra em vig\u00eancia a partir do dia 10 de mar\u00e7o de 2025, com validade at\u00e9 09 de abril de 2025. Confira a lista completa na Portaria SAF\/MDA N\u00ba 318, de 7 de mar\u00e7o de 2025, que indica os pre\u00e7os de garantia dos produtos e os percentuais de b\u00f4nus nos estados contemplados.<\/p>\n<p align=\"justify\">J\u00e1 os produtos que deixaram de bonificar foram a raiz de mandioca (Cear\u00e1), banana (Esp\u00edrito Santo), batata (Goi\u00e1s), castanha de caju (Maranh\u00e3o e Pernambuco) e manga (S\u00e3o Paulo).<\/p>\n","protected":false},"excerpt":{"rendered":"<p>A lista do m\u00eas de mar\u00e7o dos produtos que ser\u00e3o beneficiados com o b\u00f4nus do Programa de Garantia de Pre\u00e7os para a Agricultura Familiar (PGPAF), da Companhia Nacional de Abastecimento (Conab), foi publicada nesta segunda-feira (10) no Di\u00e1rio Oficial da Uni\u00e3o. O programa tem como objetivo apoiar os agricultores cujos pre\u00e7os recebidos por seus cultivos &hellip;<\/p>\n","protected":false},"author":1,"featured_media":109695,"comment_status":"open","ping_status":"open","sticky":false,"template":"","format":"standard","meta":{"footnotes":""},"categories":[18],"tags":[],"class_list":["post-134682","post","type-post","status-publish","format-standard","has-post-thumbnail","hentry","category-brasil"],"_links":{"self":[{"href":"https:\/\/iparaiba.com.br\/index.php\/wp-json\/wp\/v2\/posts\/134682","targetHints":{"allow":["GET"]}}],"collection":[{"href":"https:\/\/iparaiba.com.br\/index.php\/wp-json\/wp\/v2\/posts"}],"about":[{"href":"https:\/\/iparaiba.com.br\/index.php\/wp-json\/wp\/v2\/types\/post"}],"author":[{"embeddable":true,"href":"https:\/\/iparaiba.com.br\/index.php\/wp-json\/wp\/v2\/users\/1"}],"replies":[{"embeddable":true,"href":"https:\/\/iparaiba.com.br\/index.php\/wp-json\/wp\/v2\/comments?post=134682"}],"version-history":[{"count":1,"href":"https:\/\/iparaiba.com.br\/index.php\/wp-json\/wp\/v2\/posts\/134682\/revisions"}],"predecessor-version":[{"id":134713,"href":"https:\/\/iparaiba.com.br\/index.php\/wp-json\/wp\/v2\/posts\/134682\/revisions\/134713"}],"wp:featuredmedia":[{"embeddable":true,"href":"https:\/\/iparaiba.com.br\/index.php\/wp-json\/wp\/v2\/media\/109695"}],"wp:attachment":[{"href":"https:\/\/iparaiba.com.br\/index.php\/wp-json\/wp\/v2\/media?parent=134682"}],"wp:term":[{"taxonomy":"category","embeddable":true,"href":"https:\/\/iparaiba.com.br\/index.php\/wp-json\/wp\/v2\/categories?post=134682"},{"taxonomy":"post_tag","embeddable":true,"href":"https:\/\/iparaiba.com.br\/index.php\/wp-json\/wp\/v2\/tags?post=134682"}],"curies":[{"name":"wp","href":"https:\/\/api.w.org\/{rel}","templated":true}]}}