{"id":134675,"date":"2025-03-14T12:00:38","date_gmt":"2025-03-14T15:00:38","guid":{"rendered":"https:\/\/onordeste.com.br\/?p=134675"},"modified":"2025-03-14T12:00:38","modified_gmt":"2025-03-14T15:00:38","slug":"padilha-reducao-de-espera-no-sus","status":"publish","type":"post","link":"https:\/\/iparaiba.com.br\/index.php\/2025\/03\/14\/padilha-reducao-de-espera-no-sus\/","title":{"rendered":"Padilha: redu\u00e7\u00e3o de espera no SUS"},"content":{"rendered":"<p>O presidente Lula deu posse ao novo ministro da Sau\u0301de, Alexandre Padilha, e a\u0300 nova ministra da Secretaria de Relac\u0327o\u0303es Institucionais da Preside\u0302ncia da Repu\u0301blica (SRI), Gleisi Hoffmann, no Pala\u0301cio do Planalto. Na cerim\u00f4nia, Padilha enalteceu o trabalho de reconstru\u00e7\u00e3o do minist\u00e9rio e do Sistema \u00danico de Sa\u00fade (SUS) durante a gest\u00e3o da ministra N\u00edsia Trindade.<\/p>\n<p>O novo ministro listou compromissos como atualizar a tabela SUS para melhorar as condi\u00e7\u00f5es de atendimento, priorizar a expans\u00e3o do plano nacional de vacina\u00e7\u00e3o e ampliar a capacidade de atendimento de especialidades com vista \u00e0 redu\u00e7\u00e3o acelerada das filas e do tempo de espera.<\/p>\n","protected":false},"excerpt":{"rendered":"<p>O presidente Lula deu posse ao novo ministro da Sau\u0301de, Alexandre Padilha, e a\u0300 nova ministra da Secretaria de Relac\u0327o\u0303es Institucionais da Preside\u0302ncia da Repu\u0301blica (SRI), Gleisi Hoffmann, no Pala\u0301cio do Planalto. Na cerim\u00f4nia, Padilha enalteceu o trabalho de reconstru\u00e7\u00e3o do minist\u00e9rio e do Sistema \u00danico de Sa\u00fade (SUS) durante a gest\u00e3o da ministra N\u00edsia &hellip;<\/p>\n","protected":false},"author":1,"featured_media":97885,"comment_status":"open","ping_status":"open","sticky":false,"template":"","format":"standard","meta":{"footnotes":""},"categories":[2],"tags":[],"class_list":["post-134675","post","type-post","status-publish","format-standard","has-post-thumbnail","hentry","category-saude"],"_links":{"self":[{"href":"https:\/\/iparaiba.com.br\/index.php\/wp-json\/wp\/v2\/posts\/134675","targetHints":{"allow":["GET"]}}],"collection":[{"href":"https:\/\/iparaiba.com.br\/index.php\/wp-json\/wp\/v2\/posts"}],"about":[{"href":"https:\/\/iparaiba.com.br\/index.php\/wp-json\/wp\/v2\/types\/post"}],"author":[{"embeddable":true,"href":"https:\/\/iparaiba.com.br\/index.php\/wp-json\/wp\/v2\/users\/1"}],"replies":[{"embeddable":true,"href":"https:\/\/iparaiba.com.br\/index.php\/wp-json\/wp\/v2\/comments?post=134675"}],"version-history":[{"count":1,"href":"https:\/\/iparaiba.com.br\/index.php\/wp-json\/wp\/v2\/posts\/134675\/revisions"}],"predecessor-version":[{"id":134710,"href":"https:\/\/iparaiba.com.br\/index.php\/wp-json\/wp\/v2\/posts\/134675\/revisions\/134710"}],"wp:featuredmedia":[{"embeddable":true,"href":"https:\/\/iparaiba.com.br\/index.php\/wp-json\/wp\/v2\/media\/97885"}],"wp:attachment":[{"href":"https:\/\/iparaiba.com.br\/index.php\/wp-json\/wp\/v2\/media?parent=134675"}],"wp:term":[{"taxonomy":"category","embeddable":true,"href":"https:\/\/iparaiba.com.br\/index.php\/wp-json\/wp\/v2\/categories?post=134675"},{"taxonomy":"post_tag","embeddable":true,"href":"https:\/\/iparaiba.com.br\/index.php\/wp-json\/wp\/v2\/tags?post=134675"}],"curies":[{"name":"wp","href":"https:\/\/api.w.org\/{rel}","templated":true}]}}