{"id":134660,"date":"2025-03-13T12:00:05","date_gmt":"2025-03-13T15:00:05","guid":{"rendered":"https:\/\/onordeste.com.br\/?p=134660"},"modified":"2025-03-13T12:00:05","modified_gmt":"2025-03-13T15:00:05","slug":"camara-vai-debater-se-aumenta-numero-de-deputados-ou-redistribui-vagas-entre-estados","status":"publish","type":"post","link":"https:\/\/iparaiba.com.br\/index.php\/2025\/03\/13\/camara-vai-debater-se-aumenta-numero-de-deputados-ou-redistribui-vagas-entre-estados\/","title":{"rendered":"C\u00e2mara vai debater se aumenta n\u00famero de deputados ou redistribui vagas entre estados"},"content":{"rendered":"<p>Uma das propostas que devem ser discutidas na C\u00e2mara dos Deputados neste semestre \u00e9 a que ajusta o n\u00famero de integrantes das bancadas estaduais e do Distrito Federal na Casa. Esse ajuste valeria para a <span id=\"4093\" class=\"termoGlossario\" title=\"\" contenteditable=\"false\" data-toggle=\"tooltip\" data-placement=\"top\" data-original-title=\"Espa\u00e7o de tempo durante o qual os legisladores exercem seu poder. No Brasil, a dura\u00e7\u00e3o da legislatura \u00e9 de quatro anos. \">legislatura<\/span> que ter\u00e1 in\u00edcio em 2027, observado o Censo Demogr\u00e1fico de 2022, do Instituto Brasileiro de Geografia e Estat\u00edstica (IBGE).<\/p>\n<p>Em 2023, <a href=\"https:\/\/portal.stf.jus.br\/noticias\/verNoticiaDetalhe.asp?idConteudo=512985&amp;ori=1\">o Supremo Tribunal Federal (STF) decidiu<\/a> que o n\u00famero de deputados de cada estado deve ser revisto, em raz\u00e3o do Censo de 2022.\u00a0O tribunal determinou que o Congresso Nacional edite, at\u00e9 30 de junho deste ano, uma lei revisando a distribui\u00e7\u00e3o do n\u00famero de cadeiras de deputados federais em rela\u00e7\u00e3o \u00e0 popula\u00e7\u00e3o de cada estado.<\/p>\n<p><strong>Mais vagas na C\u00e2mara<\/strong><br \/>\nO presidente da C\u00e2mara dos Deputados, Hugo Motta (Republicanos-PB), j\u00e1 sinalizou a inten\u00e7\u00e3o de construir um acordo com o STF para aumentar o n\u00famero de deputados federais. Pela sugest\u00e3o de Motta, a Casa passaria a ter mais 14 deputados federais, al\u00e9m dos atuais 513, totalizando 527.<\/p>\n<p><b>Ganha x perde<br \/>\n<\/b>Segundo Proje\u00e7\u00e3o do Departamento Intersindical de Assessoria Parlamentar (Diap), as novas estimativas do Censo 2022 alterariam a composi\u00e7\u00e3o de 14 estados: sete ganhariam cadeiras e sete perderiam.<\/p>\n<p>Perderiam vagas:<\/p>\n<ul>\n<li>Rio de Janeiro (4),<\/li>\n<li>Rio Grande do Sul (2),<\/li>\n<li>Piau\u00ed (2),<\/li>\n<li>Para\u00edba (2),<\/li>\n<li>Bahia (2),<\/li>\n<li>Pernambuco (1), e<\/li>\n<li>Alagoas (1).<\/li>\n<\/ul>\n<p>Ganhariam vagas:<\/p>\n<ul>\n<li>Santa Catarina (4),<\/li>\n<li>Par\u00e1 (4),<\/li>\n<li>Amazonas (2),<\/li>\n<li>Cear\u00e1 (1),<\/li>\n<li>Goi\u00e1s (1),<\/li>\n<li>Minas Gerais (1), e<\/li>\n<li>Mato Grosso (1).<\/li>\n<\/ul>\n<p><strong>Proposta em discuss\u00e3o 148<\/strong><br \/>\nO Projeto de Lei Complementar 148\/23, em an\u00e1lise na C\u00e2mara, j\u00e1 faz esse ajuste nas bancadas.\u00a0O texto tamb\u00e9m determina que o tamanho da representa\u00e7\u00e3o de cada estado e do Distrito Federal dever\u00e1 ser anunciado no ano anterior \u00e0s elei\u00e7\u00f5es, a partir de atualiza\u00e7\u00e3o fornecida pelo IBGE.<\/p>\n<p>O autor do projeto, deputado Pezenti (MDB-SC), avalia que a redistribui\u00e7\u00e3o do n\u00famero de cadeiras a que cada estado tem direito garante mais equil\u00edbrio federativo.\u00a0\u201cCriar mais vagas \u00e9 um tapa na cara do brasileiro&#8221;, critica.<\/p>\n<p>Pezenti afirma que houve uma migra\u00e7\u00e3o entre estados, mas o n\u00famero de deputados nessas bancadas n\u00e3o foi atualizado. &#8220;Santa Catarina, que eu represento, tem 16 deputados e tivemos um aumento populacional significativo. Ter\u00edamos direito a mais quatro vagas&#8221;, exemplifica.<\/p>\n<p>&#8220;Para que estados ganhem o que t\u00eam direito, outros estados t\u00eam que perder. Isso \u00e9 justi\u00e7a\u201d, afirma.<\/p>\n<ul>\n<li><a href=\"https:\/\/www.camara.leg.br\/noticias\/998566-ATUALIZACAO-DAS-BANCADAS-DOS-ESTADOS-NA-CAMARA-COM-BASE-NA-POPULACAO-DIVIDE-OPINIOES\">Atualiza\u00e7\u00e3o das bancadas dos estados na C\u00e2mara com base na popula\u00e7\u00e3o divide opini\u00f5es<\/a><\/li>\n<\/ul>\n<p><strong>Responsabilidade fiscal<\/strong><br \/>\nJ\u00e1 o deputado \u00c1tila Lira (PP-PI) defende o aumento do n\u00famero de parlamentares. Lira \u00e9 representante do Piau\u00ed, estado que perderia duas vagas caso o projeto de Pezenti fosse aprovado.<\/p>\n<p>Para Lira, \u00e9 poss\u00edvel preservar a representatividade dos estados e aumentar o n\u00famero de parlamentares nos estados que tiveram aumento populacional. Segundo o deputado piauiense, o desafio \u00e9 manter a representatividade com responsabilidade fiscal.<\/p>\n<p>\u201cNo momento que o Pa\u00eds discute responsabilidade fiscal, a gente n\u00e3o poderia manter essa responsabilidade e aumentar o custo para o Pa\u00eds&#8221;, afirma. &#8220;Isso foi discutido com presidente Hugo Motta: podemos manter a mesma despesa, fazendo ajustes, congelando verbas de gabinete e reagrupando despesas de pessoal\u201d, sugere \u00c1tila Lira.<\/p>\n<p>Fonte: Ag\u00eancia C\u00e2mara de Not\u00edcias<\/p>\n","protected":false},"excerpt":{"rendered":"<p>Uma das propostas que devem ser discutidas na C\u00e2mara dos Deputados neste semestre \u00e9 a que ajusta o n\u00famero de integrantes das bancadas estaduais e do Distrito Federal na Casa. Esse ajuste valeria para a legislatura que ter\u00e1 in\u00edcio em 2027, observado o Censo Demogr\u00e1fico de 2022, do Instituto Brasileiro de Geografia e Estat\u00edstica (IBGE). &hellip;<\/p>\n","protected":false},"author":1,"featured_media":97516,"comment_status":"open","ping_status":"open","sticky":false,"template":"","format":"standard","meta":{"footnotes":""},"categories":[10],"tags":[],"class_list":["post-134660","post","type-post","status-publish","format-standard","has-post-thumbnail","hentry","category-manchetes"],"_links":{"self":[{"href":"https:\/\/iparaiba.com.br\/index.php\/wp-json\/wp\/v2\/posts\/134660","targetHints":{"allow":["GET"]}}],"collection":[{"href":"https:\/\/iparaiba.com.br\/index.php\/wp-json\/wp\/v2\/posts"}],"about":[{"href":"https:\/\/iparaiba.com.br\/index.php\/wp-json\/wp\/v2\/types\/post"}],"author":[{"embeddable":true,"href":"https:\/\/iparaiba.com.br\/index.php\/wp-json\/wp\/v2\/users\/1"}],"replies":[{"embeddable":true,"href":"https:\/\/iparaiba.com.br\/index.php\/wp-json\/wp\/v2\/comments?post=134660"}],"version-history":[{"count":1,"href":"https:\/\/iparaiba.com.br\/index.php\/wp-json\/wp\/v2\/posts\/134660\/revisions"}],"predecessor-version":[{"id":134703,"href":"https:\/\/iparaiba.com.br\/index.php\/wp-json\/wp\/v2\/posts\/134660\/revisions\/134703"}],"wp:featuredmedia":[{"embeddable":true,"href":"https:\/\/iparaiba.com.br\/index.php\/wp-json\/wp\/v2\/media\/97516"}],"wp:attachment":[{"href":"https:\/\/iparaiba.com.br\/index.php\/wp-json\/wp\/v2\/media?parent=134660"}],"wp:term":[{"taxonomy":"category","embeddable":true,"href":"https:\/\/iparaiba.com.br\/index.php\/wp-json\/wp\/v2\/categories?post=134660"},{"taxonomy":"post_tag","embeddable":true,"href":"https:\/\/iparaiba.com.br\/index.php\/wp-json\/wp\/v2\/tags?post=134660"}],"curies":[{"name":"wp","href":"https:\/\/api.w.org\/{rel}","templated":true}]}}