{"id":134656,"date":"2025-03-13T08:00:25","date_gmt":"2025-03-13T11:00:25","guid":{"rendered":"https:\/\/onordeste.com.br\/?p=134656"},"modified":"2025-03-13T08:00:25","modified_gmt":"2025-03-13T11:00:25","slug":"lideres-da-cmo-se-reunem-para-discutir-relatorio-final-do-orcamento-de-2025","status":"publish","type":"post","link":"https:\/\/iparaiba.com.br\/index.php\/2025\/03\/13\/lideres-da-cmo-se-reunem-para-discutir-relatorio-final-do-orcamento-de-2025\/","title":{"rendered":"L\u00edderes da CMO se re\u00fanem para discutir relat\u00f3rio final do Or\u00e7amento de 2025"},"content":{"rendered":"<p>A <span id=\"4053\" class=\"termoGlossario\" title=\"\" contenteditable=\"false\" data-toggle=\"tooltip\" data-placement=\"top\" data-original-title=\"Comiss\u00e3o de deputados e senadores respons\u00e1vel pela an\u00e1lise das propostas or\u00e7ament\u00e1rias elaboradas pelo Executivo: Lei de Diretrizes Or\u00e7ament\u00e1rias (LDO), Lei Or\u00e7ament\u00e1ria Anual (LOA) e Plano Plurianual (PPA).\">Comiss\u00e3o Mista de Or\u00e7amento<\/span> do Congresso Nacional re\u00fane os l\u00edderes partid\u00e1rios para discutir o relat\u00f3rio final do senador Angelo Coronel (PSD-BA) ao projeto da Lei Or\u00e7ament\u00e1ria Anual (<span id=\"4123\" class=\"termoGlossario\" title=\"\" contenteditable=\"false\" data-toggle=\"tooltip\" data-placement=\"top\" data-original-title=\"Comumente denominada or\u00e7amento, \u00e9 a lei que cont\u00e9m a discrimina\u00e7\u00e3o da receita e da despesa p\u00fablica para o ano. \u00c9 elaborada pelo Executivo e votada pelo Congresso Nacional.\">LOA<\/span>) de 2025 (<a class=\"linkProposicao\" href=\"https:\/\/www.camara.leg.br\/noticias\/1093250-governo-preve-salario-minimo-de-2025-em-r-1-509-com-aumento-de-687-em-relacao-ao-atual\">PLN 26\/24<\/a>). A reuni\u00e3o com os l\u00edderes est\u00e1 marcada para as 14 horas, no plen\u00e1rio 2.<\/p>\n<p>Foi cancelada a reuni\u00e3o da comiss\u00e3o com todos os seus integrantes, que estava prevista para esta ter\u00e7a. O colegiado decidiu antes debater a proposta or\u00e7ament\u00e1ria com os l\u00edderes.<\/p>\n<ul>\n<li><a href=\"https:\/\/www.congressonacional.leg.br\/web\/cmo\/comunicados\/-\/blogs\/cancelada-reuniao-deliberativa-da-cmo\">Veja a pauta<\/a><\/li>\n<\/ul>\n<p><strong>Atrasos<\/strong><br \/>\nA LOA deveria ter sido votada no fim do ano passado pelo Congresso, mas quest\u00f5es pol\u00edticas provocaram atrasos, como a decis\u00e3o do ministro do Supremo Tribunal Federal (STF) Fl\u00e1vio Dino de suspender a execu\u00e7\u00e3o das emendas parlamentares ao Or\u00e7amento.<\/p>\n<p>Um plano de trabalho que busca garantir mais transpar\u00eancia e rastreabilidade das emendas parlamentares obteve, no \u00faltimo dia 28, a <a href=\"https:\/\/www.camara.leg.br\/noticias\/1137530-maioria-do-stf-valida-plano-para-emendas-parlamentares\/\">aprova\u00e7\u00e3o da maioria dos ministros do STF<\/a>.<\/p>\n<p>A solu\u00e7\u00e3o do impasse sobre as emendas parlamentares, segundo o presidente da Comiss\u00e3o de Or\u00e7amento, deputado Julio Arcoverde (PP-PI), &#8220;ir\u00e1 destravar o processo de discuss\u00e3o e vota\u00e7\u00e3o do Or\u00e7amento 2025&#8221;.<\/p>\n<ul>\n<li><a href=\"https:\/\/www.camara.leg.br\/noticias\/866636-conheca-o-ciclo-orcamentario-federal\/\">Conhe\u00e7a o ciclo or\u00e7ament\u00e1rio federal<\/a><\/li>\n<\/ul>\n<p>Fonte: Ag\u00eancia C\u00e2mara de Not\u00edcias<\/p>\n","protected":false},"excerpt":{"rendered":"<p>A Comiss\u00e3o Mista de Or\u00e7amento do Congresso Nacional re\u00fane os l\u00edderes partid\u00e1rios para discutir o relat\u00f3rio final do senador Angelo Coronel (PSD-BA) ao projeto da Lei Or\u00e7ament\u00e1ria Anual (LOA) de 2025 (PLN 26\/24). A reuni\u00e3o com os l\u00edderes est\u00e1 marcada para as 14 horas, no plen\u00e1rio 2. Foi cancelada a reuni\u00e3o da comiss\u00e3o com todos &hellip;<\/p>\n","protected":false},"author":1,"featured_media":107427,"comment_status":"open","ping_status":"open","sticky":false,"template":"","format":"standard","meta":{"footnotes":""},"categories":[10],"tags":[],"class_list":["post-134656","post","type-post","status-publish","format-standard","has-post-thumbnail","hentry","category-manchetes"],"_links":{"self":[{"href":"https:\/\/iparaiba.com.br\/index.php\/wp-json\/wp\/v2\/posts\/134656","targetHints":{"allow":["GET"]}}],"collection":[{"href":"https:\/\/iparaiba.com.br\/index.php\/wp-json\/wp\/v2\/posts"}],"about":[{"href":"https:\/\/iparaiba.com.br\/index.php\/wp-json\/wp\/v2\/types\/post"}],"author":[{"embeddable":true,"href":"https:\/\/iparaiba.com.br\/index.php\/wp-json\/wp\/v2\/users\/1"}],"replies":[{"embeddable":true,"href":"https:\/\/iparaiba.com.br\/index.php\/wp-json\/wp\/v2\/comments?post=134656"}],"version-history":[{"count":1,"href":"https:\/\/iparaiba.com.br\/index.php\/wp-json\/wp\/v2\/posts\/134656\/revisions"}],"predecessor-version":[{"id":134701,"href":"https:\/\/iparaiba.com.br\/index.php\/wp-json\/wp\/v2\/posts\/134656\/revisions\/134701"}],"wp:featuredmedia":[{"embeddable":true,"href":"https:\/\/iparaiba.com.br\/index.php\/wp-json\/wp\/v2\/media\/107427"}],"wp:attachment":[{"href":"https:\/\/iparaiba.com.br\/index.php\/wp-json\/wp\/v2\/media?parent=134656"}],"wp:term":[{"taxonomy":"category","embeddable":true,"href":"https:\/\/iparaiba.com.br\/index.php\/wp-json\/wp\/v2\/categories?post=134656"},{"taxonomy":"post_tag","embeddable":true,"href":"https:\/\/iparaiba.com.br\/index.php\/wp-json\/wp\/v2\/tags?post=134656"}],"curies":[{"name":"wp","href":"https:\/\/api.w.org\/{rel}","templated":true}]}}