{"id":134653,"date":"2025-03-13T06:00:46","date_gmt":"2025-03-13T09:00:46","guid":{"rendered":"https:\/\/onordeste.com.br\/?p=134653"},"modified":"2025-03-13T06:00:46","modified_gmt":"2025-03-13T09:00:46","slug":"mpf-vai-realizar-oficinas-em-13-estados-para-capacitar-gestores-sobre-gerenciamento-costeiro-das-praias","status":"publish","type":"post","link":"https:\/\/iparaiba.com.br\/index.php\/2025\/03\/13\/mpf-vai-realizar-oficinas-em-13-estados-para-capacitar-gestores-sobre-gerenciamento-costeiro-das-praias\/","title":{"rendered":"MPF vai realizar oficinas em 13 estados para capacitar gestores sobre gerenciamento costeiro das praias"},"content":{"rendered":"<p>O projeto do Minist\u00e9rio P\u00fablico Federal sobre gerenciamento costeiro (MPF Gerco) vai realizar oficinas estaduais para capacitar gestores locais acerca da gest\u00e3o das praias. Ao todo, ser\u00e3o realizadas 13 oficinas durante o ano. A primeira capacita\u00e7\u00e3o ser\u00e1 em Jo\u00e3o Pessoa, nos dias 11 a 13 de mar\u00e7o.<\/p>\n<p>O MPF Gerco foi criado em parceria com a Secretaria de Patrim\u00f4nio da Uni\u00e3o (SPU) e o Minist\u00e9rio do Meio Ambiente e do Clima (MMA). O objetivo do projeto \u00e9 promover f\u00f3runs de integra\u00e7\u00e3o entre os \u00f3rg\u00e3os para tratar das quest\u00f5es na costa e atualiza\u00e7\u00e3o dos gestores sobre a Lei 13.240\/2015 e as quest\u00f5es que tratam da transfer\u00eancia da gest\u00e3o das praias para os munic\u00edpios.<\/p>\n<p>Uma fun\u00e7\u00e3o das oficinas do projeto MPF Gerco \u00e9 compartilhar conhecimentos legais e t\u00e9cnicos pelos \u00f3rg\u00e3os federais, considerando a possibilidade de transfer\u00eancia da gest\u00e3o de praias urbanas aos munic\u00edpios. A capacita\u00e7\u00e3o tamb\u00e9m busca ressaltar a import\u00e2ncia e o papel de cada \u00f3rg\u00e3o nesse processo.<\/p>\n<p>&#8220;O Minist\u00e9rio P\u00fablico Federal atua neste projeto n\u00e3o como \u00f3rg\u00e3o de investiga\u00e7\u00e3o e acusa\u00e7\u00e3o, mas na sua fun\u00e7\u00e3o, important\u00edssima tamb\u00e9m, de \u00f3rg\u00e3o de integra\u00e7\u00e3o das institui\u00e7\u00f5es p\u00fablicas para a promo\u00e7\u00e3o de medidas extrajudiciais de preven\u00e7\u00e3o de danos ambientais, sociais e econ\u00f4micos causados pela gest\u00e3o costeira nociva, e a garantia da efetividade dos direitos assegurados na Constitui\u00e7\u00e3o&#8221;, destaca a coordenadora do projeto MPF Gerco, Gisele Porto.<\/p>\n<p>A participa\u00e7\u00e3o nas oficinas \u00e9 aberta aos membros dos \u00f3rg\u00e3os convidados at\u00e9 a capacidade dos audit\u00f3rios locais, com direito a certificado. As oficinas tamb\u00e9m ser\u00e3o transmitidas por meio do canal do MPF no YouTube, com espa\u00e7o para o envio de d\u00favidas sobre o projeto. As perguntas ser\u00e3o respondidas ao final de cada capacita\u00e7\u00e3o.<\/p>\n<p><b>Parceria interinstitucional<\/b>\u00a0\u2013 No MPF, o projeto tem apoio da C\u00e2mara de\u00a0Meio Ambiente e Patrim\u00f4nio Cultural (4CCR) e das Procuradorias nos munic\u00edpios costeiros para a realiza\u00e7\u00e3o das oficinas. O projeto tamb\u00e9m conta com o apoio da Escola Superior do Minist\u00e9rio P\u00fablico da Uni\u00e3o (ESMPU) para os cursos de capacita\u00e7\u00e3o em gest\u00e3o de praias.<\/p>\n<p>Desde o in\u00edcio, o projeto conta com a parceria da SPU, com apoio da Advocacia-Geral da Uni\u00e3o (AGU), e do MMA, com apoio da Marinha do Brasil. Atualmente, os Minist\u00e9rios do Turismo (MTur), da Integra\u00e7\u00e3o e do Desenvolvimento Regional (MIDR) e das Cidades (MCID) tamb\u00e9m apoiam\u00a0o\u00a0projeto.<\/p>\n<p><b>Confira o calend\u00e1rio de oficinas do MPF Gerco:<\/b><\/p>\n<ul>\n<li>11 a 13 de mar\u00e7o \u2013 Jo\u00e3o Pessoa (PB)<\/li>\n<li>25 a 27 de mar\u00e7o \u2013 Macei\u00f3 (AL)<\/li>\n<li>8 a 10 de abril \u2013 Vit\u00f3ria (ES)<\/li>\n<li>20 a 22 de maio \u2013 Recife (PE)<\/li>\n<li>10 a 12 de junho \u2013 Rio de Janeiro (RJ)<\/li>\n<li>24 a 26 de junho \u2013 S\u00e3o Paulo (SP)<\/li>\n<li>1 a 3 de julho\u00a0\u2013 Natal (RN)<\/li>\n<li>5 a 7 de agosto \u2013 Salvador (BA)<\/li>\n<li>19 a 21 de agosto \u2013 Fortaleza (CE)<\/li>\n<li>2 a 4 de setembro \u2013 Porto Alegre (RS)<\/li>\n<li>23 a 25 de setembro \u2013 Curitiba (PR)<\/li>\n<li>7 a 9 de outubro \u2013 Florian\u00f3polis (SC)<\/li>\n<li>21 a 23 de outubro \u2013 Aracaju (SE)<\/li>\n<\/ul>\n","protected":false},"excerpt":{"rendered":"<p>O projeto do Minist\u00e9rio P\u00fablico Federal sobre gerenciamento costeiro (MPF Gerco) vai realizar oficinas estaduais para capacitar gestores locais acerca da gest\u00e3o das praias. Ao todo, ser\u00e3o realizadas 13 oficinas durante o ano. A primeira capacita\u00e7\u00e3o ser\u00e1 em Jo\u00e3o Pessoa, nos dias 11 a 13 de mar\u00e7o. O MPF Gerco foi criado em parceria com &hellip;<\/p>\n","protected":false},"author":1,"featured_media":134037,"comment_status":"open","ping_status":"open","sticky":false,"template":"","format":"standard","meta":{"footnotes":""},"categories":[10],"tags":[],"class_list":["post-134653","post","type-post","status-publish","format-standard","has-post-thumbnail","hentry","category-manchetes"],"_links":{"self":[{"href":"https:\/\/iparaiba.com.br\/index.php\/wp-json\/wp\/v2\/posts\/134653","targetHints":{"allow":["GET"]}}],"collection":[{"href":"https:\/\/iparaiba.com.br\/index.php\/wp-json\/wp\/v2\/posts"}],"about":[{"href":"https:\/\/iparaiba.com.br\/index.php\/wp-json\/wp\/v2\/types\/post"}],"author":[{"embeddable":true,"href":"https:\/\/iparaiba.com.br\/index.php\/wp-json\/wp\/v2\/users\/1"}],"replies":[{"embeddable":true,"href":"https:\/\/iparaiba.com.br\/index.php\/wp-json\/wp\/v2\/comments?post=134653"}],"version-history":[{"count":1,"href":"https:\/\/iparaiba.com.br\/index.php\/wp-json\/wp\/v2\/posts\/134653\/revisions"}],"predecessor-version":[{"id":134700,"href":"https:\/\/iparaiba.com.br\/index.php\/wp-json\/wp\/v2\/posts\/134653\/revisions\/134700"}],"wp:featuredmedia":[{"embeddable":true,"href":"https:\/\/iparaiba.com.br\/index.php\/wp-json\/wp\/v2\/media\/134037"}],"wp:attachment":[{"href":"https:\/\/iparaiba.com.br\/index.php\/wp-json\/wp\/v2\/media?parent=134653"}],"wp:term":[{"taxonomy":"category","embeddable":true,"href":"https:\/\/iparaiba.com.br\/index.php\/wp-json\/wp\/v2\/categories?post=134653"},{"taxonomy":"post_tag","embeddable":true,"href":"https:\/\/iparaiba.com.br\/index.php\/wp-json\/wp\/v2\/tags?post=134653"}],"curies":[{"name":"wp","href":"https:\/\/api.w.org\/{rel}","templated":true}]}}