{"id":134650,"date":"2025-03-12T16:00:02","date_gmt":"2025-03-12T19:00:02","guid":{"rendered":"https:\/\/onordeste.com.br\/?p=134649"},"modified":"2025-03-12T16:00:02","modified_gmt":"2025-03-12T19:00:02","slug":"stf-invalida-lei-de-mato-grosso-que-fixa-penas-para-invasor-de-propriedade-privada","status":"publish","type":"post","link":"https:\/\/iparaiba.com.br\/index.php\/2025\/03\/12\/stf-invalida-lei-de-mato-grosso-que-fixa-penas-para-invasor-de-propriedade-privada\/","title":{"rendered":"STF invalida lei de Mato Grosso que fixa penas para invasor de propriedade privada"},"content":{"rendered":"<p>O Supremo Tribunal Federal (STF), por unanimidade, invalidou lei mato-grossense que estabelece san\u00e7\u00f5es a ocupantes ilegais e invasores de propriedades privadas rurais e urbanas no seu territ\u00f3rio. A decis\u00e3o foi tomada na sess\u00e3o virtual encerrada em 28\/2, no julgamento da A\u00e7\u00e3o Direta de Inconstitucionalidade\u00a0<strong><a href=\"https:\/\/portal.stf.jus.br\/processos\/detalhe.asp?incidente=7033375\" target=\"_blank\" rel=\"noreferrer noopener\" data-type=\"URL\" data-id=\"https:\/\/portal.stf.jus.br\/processos\/detalhe.asp?incidente=7033375\">(ADI) 7715<\/a><\/strong>.<\/p>\n<p>As penas incluem restri\u00e7\u00e3o a benef\u00edcios sociais, veto \u00e0 posse em cargo p\u00fablico e impossibilidade de contratar com o poder p\u00fablico estadual. Na a\u00e7\u00e3o, a Procuradoria-Geral da Rep\u00fablica (PGR) alegava que a Lei estadual 12.430\/2024 invadiu a compet\u00eancia privativa da Uni\u00e3o para legislar sobre direito penal e para editar normas gerais de licita\u00e7\u00e3o e contrata\u00e7\u00e3o p\u00fablica.<\/p>\n<p>Em setembro de 2024, o relator da a\u00e7\u00e3o, ministro Fl\u00e1vio Dino, suspendeu de forma liminar a norma. O Plen\u00e1rio referendou a decis\u00e3o no m\u00eas seguinte e, agora, julgou o m\u00e9rito da a\u00e7\u00e3o.<\/p>\n<h5 class=\"wp-block-heading\"><strong>Norma federal<\/strong><\/h5>\n<p>No julgamento, o relator reafirmou que a lei ampliou as san\u00e7\u00f5es previstas no C\u00f3digo Penal e entrou indevidamente em campo legislativo reservado \u00e0 Uni\u00e3o. A seu ver, a cria\u00e7\u00e3o de uma esp\u00e9cie de \u201cdireito penal estadual\u201d abala as regras estruturantes da Federa\u00e7\u00e3o brasileira e cria grave inseguran\u00e7a jur\u00eddica, com risco de multiplica\u00e7\u00e3o de normas similares.<\/p>\n<p>O ministro acrescentou que a lei, ao vedar a contrata\u00e7\u00e3o com o poder p\u00fablico estadual, criou restri\u00e7\u00f5es para al\u00e9m das impostas na norma geral federal sobre o tema.<\/p>\n<p>STF<\/p>\n","protected":false},"excerpt":{"rendered":"<p>O Supremo Tribunal Federal (STF), por unanimidade, invalidou lei mato-grossense que estabelece san\u00e7\u00f5es a ocupantes ilegais e invasores de propriedades privadas rurais e urbanas no seu territ\u00f3rio. A decis\u00e3o foi tomada na sess\u00e3o virtual encerrada em 28\/2, no julgamento da A\u00e7\u00e3o Direta de Inconstitucionalidade\u00a0(ADI) 7715. As penas incluem restri\u00e7\u00e3o a benef\u00edcios sociais, veto \u00e0 posse &hellip;<\/p>\n","protected":false},"author":1,"featured_media":98199,"comment_status":"open","ping_status":"open","sticky":false,"template":"","format":"standard","meta":{"footnotes":""},"categories":[9],"tags":[],"class_list":["post-134650","post","type-post","status-publish","format-standard","has-post-thumbnail","hentry","category-justica"],"_links":{"self":[{"href":"https:\/\/iparaiba.com.br\/index.php\/wp-json\/wp\/v2\/posts\/134650","targetHints":{"allow":["GET"]}}],"collection":[{"href":"https:\/\/iparaiba.com.br\/index.php\/wp-json\/wp\/v2\/posts"}],"about":[{"href":"https:\/\/iparaiba.com.br\/index.php\/wp-json\/wp\/v2\/types\/post"}],"author":[{"embeddable":true,"href":"https:\/\/iparaiba.com.br\/index.php\/wp-json\/wp\/v2\/users\/1"}],"replies":[{"embeddable":true,"href":"https:\/\/iparaiba.com.br\/index.php\/wp-json\/wp\/v2\/comments?post=134650"}],"version-history":[{"count":1,"href":"https:\/\/iparaiba.com.br\/index.php\/wp-json\/wp\/v2\/posts\/134650\/revisions"}],"predecessor-version":[{"id":134698,"href":"https:\/\/iparaiba.com.br\/index.php\/wp-json\/wp\/v2\/posts\/134650\/revisions\/134698"}],"wp:featuredmedia":[{"embeddable":true,"href":"https:\/\/iparaiba.com.br\/index.php\/wp-json\/wp\/v2\/media\/98199"}],"wp:attachment":[{"href":"https:\/\/iparaiba.com.br\/index.php\/wp-json\/wp\/v2\/media?parent=134650"}],"wp:term":[{"taxonomy":"category","embeddable":true,"href":"https:\/\/iparaiba.com.br\/index.php\/wp-json\/wp\/v2\/categories?post=134650"},{"taxonomy":"post_tag","embeddable":true,"href":"https:\/\/iparaiba.com.br\/index.php\/wp-json\/wp\/v2\/tags?post=134650"}],"curies":[{"name":"wp","href":"https:\/\/api.w.org\/{rel}","templated":true}]}}