{"id":134649,"date":"2025-03-12T14:00:19","date_gmt":"2025-03-12T17:00:19","guid":{"rendered":"https:\/\/onordeste.com.br\/?p=134647"},"modified":"2025-03-12T14:00:19","modified_gmt":"2025-03-12T17:00:19","slug":"federal-deflagra-operacao-contra-o-trafico-internacional-de-drogas","status":"publish","type":"post","link":"https:\/\/iparaiba.com.br\/index.php\/2025\/03\/12\/federal-deflagra-operacao-contra-o-trafico-internacional-de-drogas\/","title":{"rendered":"Federal deflagra opera\u00e7\u00e3o contra o tr\u00e1fico internacional de drogas"},"content":{"rendered":"<div class=\"texto-conteudo\">\n<div>\n<p>A Pol\u00edcia Federal deflagrou, nesta ter\u00e7a-feira (11\/3), a Opera\u00e7\u00e3o Emergentes, com o objetivo de investigar crimes de tr\u00e1fico internacional de drogas, organiza\u00e7\u00e3o criminosa e lavagem de dinheiro. As dilig\u00eancias contaram com o apoio do BAEP da Pol\u00edcia Militar em algumas regi\u00f5es.<\/p>\n<p>A opera\u00e7\u00e3o cumpre 26 mandados de busca e apreens\u00e3o em munic\u00edpios de S\u00e3o Paulo, Paran\u00e1 e Santa Catarina, al\u00e9m de um mandado em Portugal, por meio de coopera\u00e7\u00e3o jur\u00eddica internacional. Tamb\u00e9m foram expedidos mandados de pris\u00e3o contra sete investigados e determinadas medidas de bloqueio e sequestro de bens e valores.<\/p>\n<p>Os alvos s\u00e3o suspeitos de atuar na inser\u00e7\u00e3o de drogas em navios com destino \u00e0 Europa por meio do uso de mergulhadores. A investiga\u00e7\u00e3o teve in\u00edcio a partir de pris\u00f5es realizadas na Opera\u00e7\u00e3o S\u00f3lis, em 2021.<\/p>\n<\/div>\n<\/div>\n<p><a class=\"materia-original\" href=\"https:\/\/www.gov.br\/pf\/pt-br\/assuntos\/noticias\/2025\/03\/policia-federal-deflagra-operacao-contra-o-trafico-internacional-de-drogas\" target=\"_blank\" rel=\"noopener\">Link: https:\/\/www.gov.br\/pf\/pt-br\/assuntos\/noticias\/2025\/03\/policia-federal-deflagra-operacao-contra-o-trafico-internacional-de-drogas<\/a><\/p>\n","protected":false},"excerpt":{"rendered":"<p>A Pol\u00edcia Federal deflagrou, nesta ter\u00e7a-feira (11\/3), a Opera\u00e7\u00e3o Emergentes, com o objetivo de investigar crimes de tr\u00e1fico internacional de drogas, organiza\u00e7\u00e3o criminosa e lavagem de dinheiro. As dilig\u00eancias contaram com o apoio do BAEP da Pol\u00edcia Militar em algumas regi\u00f5es. A opera\u00e7\u00e3o cumpre 26 mandados de busca e apreens\u00e3o em munic\u00edpios de S\u00e3o Paulo, &hellip;<\/p>\n","protected":false},"author":1,"featured_media":108842,"comment_status":"open","ping_status":"open","sticky":false,"template":"","format":"standard","meta":{"footnotes":""},"categories":[13],"tags":[],"class_list":["post-134649","post","type-post","status-publish","format-standard","has-post-thumbnail","hentry","category-policial"],"_links":{"self":[{"href":"https:\/\/iparaiba.com.br\/index.php\/wp-json\/wp\/v2\/posts\/134649","targetHints":{"allow":["GET"]}}],"collection":[{"href":"https:\/\/iparaiba.com.br\/index.php\/wp-json\/wp\/v2\/posts"}],"about":[{"href":"https:\/\/iparaiba.com.br\/index.php\/wp-json\/wp\/v2\/types\/post"}],"author":[{"embeddable":true,"href":"https:\/\/iparaiba.com.br\/index.php\/wp-json\/wp\/v2\/users\/1"}],"replies":[{"embeddable":true,"href":"https:\/\/iparaiba.com.br\/index.php\/wp-json\/wp\/v2\/comments?post=134649"}],"version-history":[{"count":1,"href":"https:\/\/iparaiba.com.br\/index.php\/wp-json\/wp\/v2\/posts\/134649\/revisions"}],"predecessor-version":[{"id":134697,"href":"https:\/\/iparaiba.com.br\/index.php\/wp-json\/wp\/v2\/posts\/134649\/revisions\/134697"}],"wp:featuredmedia":[{"embeddable":true,"href":"https:\/\/iparaiba.com.br\/index.php\/wp-json\/wp\/v2\/media\/108842"}],"wp:attachment":[{"href":"https:\/\/iparaiba.com.br\/index.php\/wp-json\/wp\/v2\/media?parent=134649"}],"wp:term":[{"taxonomy":"category","embeddable":true,"href":"https:\/\/iparaiba.com.br\/index.php\/wp-json\/wp\/v2\/categories?post=134649"},{"taxonomy":"post_tag","embeddable":true,"href":"https:\/\/iparaiba.com.br\/index.php\/wp-json\/wp\/v2\/tags?post=134649"}],"curies":[{"name":"wp","href":"https:\/\/api.w.org\/{rel}","templated":true}]}}