{"id":134648,"date":"2025-03-12T12:00:42","date_gmt":"2025-03-12T15:00:42","guid":{"rendered":"https:\/\/onordeste.com.br\/?p=134645"},"modified":"2025-03-12T12:00:42","modified_gmt":"2025-03-12T15:00:42","slug":"campanha-da-fraternidade-2025-igreja-catolica-convoca-a-conversao-ecologica","status":"publish","type":"post","link":"https:\/\/iparaiba.com.br\/index.php\/2025\/03\/12\/campanha-da-fraternidade-2025-igreja-catolica-convoca-a-conversao-ecologica\/","title":{"rendered":"Campanha da Fraternidade 2025: Igreja Cat\u00f3lica convoca \u00e0 convers\u00e3o ecol\u00f3gica"},"content":{"rendered":"<p>A Confer\u00eancia Nacional dos Bispos do Brasil (CNBB) lan\u00e7ou oficialmente, nesta Quarta-feira de Cinzas, 5 de mar\u00e7o de 2025, a Campanha da Fraternidade (CF) deste ano, que traz como tema \u201cFraternidade e Ecologia Integral\u201d e o lema b\u00edblico \u201cDeus viu que tudo era muito bom\u201d (Gn 1,31). A iniciativa busca promover, em esp\u00edrito quaresmal e diante da urgente crise socioambiental, um processo de convers\u00e3o integral, ouvindo o clamor dos pobres e da Terra.<\/p>\n<p>A cerim\u00f4nia de lan\u00e7amento ocorreu na sede da CNBB, em Bras\u00edlia, e foi transmitida ao vivo pelo canal da entidade no YouTube e por emissoras cat\u00f3licas, permitindo que fi\u00e9is de todo o pa\u00eds acompanhassem o evento.<\/p>\n<p>A identidade visual da CF 2025 destaca S\u00e3o Francisco de Assis, s\u00edmbolo de reconcilia\u00e7\u00e3o com Deus, com os irm\u00e3os e com toda a cria\u00e7\u00e3o. O cartaz da campanha apresenta um recorte da obra barroca \u201c\u00caxtase de S\u00e3o Francisco de Assis\u201d, de Jusepe De Ribera, ressaltando a espiritualidade franciscana e a conex\u00e3o com a natureza.<\/p>\n<p>A Campanha da Fraternidade 2025 tamb\u00e9m celebra os 800 anos do \u201cC\u00e2ntico das Criaturas\u201d, composto por S\u00e3o Francisco, e os 10 anos da enc\u00edclica \u201cLaudato Si\u2019\u201d, do Papa Francisco, que aborda a ecologia integral e o cuidado com a Casa Comum. Essas efem\u00e9rides refor\u00e7am a urg\u00eancia de uma convers\u00e3o ecol\u00f3gica e a ado\u00e7\u00e3o de pr\u00e1ticas sustent\u00e1veis que respeitem o meio ambiente e promovam justi\u00e7a social.<\/p>\n<p>A CNBB disponibilizou materiais e subs\u00eddios para auxiliar par\u00f3quias, comunidades e escolas na viv\u00eancia da CF 2025, incluindo textos-base, roteiros de encontros e sugest\u00f5es de a\u00e7\u00f5es concretas. Esses recursos est\u00e3o dispon\u00edveis para aquisi\u00e7\u00e3o no site das Edi\u00e7\u00f5es CNBB.<\/p>\n<p>A Campanha da Fraternidade \u00e9 realizada anualmente pela Igreja Cat\u00f3lica no Brasil desde 1964, sempre durante o per\u00edodo da Quaresma, com o objetivo de despertar a solidariedade dos fi\u00e9is e da sociedade em rela\u00e7\u00e3o a um problema concreto que envolve a sociedade brasileira, buscando caminhos de solu\u00e7\u00e3o \u00e0 luz do Evangelho.<\/p>\n<p>Neste ano, a CF 2025 convida todos os crist\u00e3os e pessoas de boa vontade a refletirem sobre a rela\u00e7\u00e3o entre f\u00e9 e ecologia, promovendo a\u00e7\u00f5es que contribuam para a preserva\u00e7\u00e3o do meio ambiente e a constru\u00e7\u00e3o de uma sociedade mais justa e fraterna.<\/p>\n","protected":false},"excerpt":{"rendered":"<p>A Confer\u00eancia Nacional dos Bispos do Brasil (CNBB) lan\u00e7ou oficialmente, nesta Quarta-feira de Cinzas, 5 de mar\u00e7o de 2025, a Campanha da Fraternidade (CF) deste ano, que traz como tema \u201cFraternidade e Ecologia Integral\u201d e o lema b\u00edblico \u201cDeus viu que tudo era muito bom\u201d (Gn 1,31). A iniciativa busca promover, em esp\u00edrito quaresmal e &hellip;<\/p>\n","protected":false},"author":1,"featured_media":110663,"comment_status":"open","ping_status":"open","sticky":false,"template":"","format":"standard","meta":{"footnotes":""},"categories":[4],"tags":[],"class_list":["post-134648","post","type-post","status-publish","format-standard","has-post-thumbnail","hentry","category-cultura"],"_links":{"self":[{"href":"https:\/\/iparaiba.com.br\/index.php\/wp-json\/wp\/v2\/posts\/134648","targetHints":{"allow":["GET"]}}],"collection":[{"href":"https:\/\/iparaiba.com.br\/index.php\/wp-json\/wp\/v2\/posts"}],"about":[{"href":"https:\/\/iparaiba.com.br\/index.php\/wp-json\/wp\/v2\/types\/post"}],"author":[{"embeddable":true,"href":"https:\/\/iparaiba.com.br\/index.php\/wp-json\/wp\/v2\/users\/1"}],"replies":[{"embeddable":true,"href":"https:\/\/iparaiba.com.br\/index.php\/wp-json\/wp\/v2\/comments?post=134648"}],"version-history":[{"count":1,"href":"https:\/\/iparaiba.com.br\/index.php\/wp-json\/wp\/v2\/posts\/134648\/revisions"}],"predecessor-version":[{"id":134696,"href":"https:\/\/iparaiba.com.br\/index.php\/wp-json\/wp\/v2\/posts\/134648\/revisions\/134696"}],"wp:featuredmedia":[{"embeddable":true,"href":"https:\/\/iparaiba.com.br\/index.php\/wp-json\/wp\/v2\/media\/110663"}],"wp:attachment":[{"href":"https:\/\/iparaiba.com.br\/index.php\/wp-json\/wp\/v2\/media?parent=134648"}],"wp:term":[{"taxonomy":"category","embeddable":true,"href":"https:\/\/iparaiba.com.br\/index.php\/wp-json\/wp\/v2\/categories?post=134648"},{"taxonomy":"post_tag","embeddable":true,"href":"https:\/\/iparaiba.com.br\/index.php\/wp-json\/wp\/v2\/tags?post=134648"}],"curies":[{"name":"wp","href":"https:\/\/api.w.org\/{rel}","templated":true}]}}