{"id":134622,"date":"2025-03-06T15:37:43","date_gmt":"2025-03-06T18:37:43","guid":{"rendered":"https:\/\/onordeste.com.br\/?p=134584"},"modified":"2025-03-06T15:37:43","modified_gmt":"2025-03-06T18:37:43","slug":"mes-do-consumidor-tera-mutirao-de-negociacao","status":"publish","type":"post","link":"https:\/\/iparaiba.com.br\/index.php\/2025\/03\/06\/mes-do-consumidor-tera-mutirao-de-negociacao\/","title":{"rendered":"M\u00eas do Consumidor ter\u00e1 mutir\u00e3o de negocia\u00e7\u00e3o"},"content":{"rendered":"<p>O m\u00eas de mar\u00e7o ter\u00e1 uma vasta programa\u00e7\u00e3o preparada pelo Procon-JP para comemorar o Dia Mundial do Consumidor, festejado em 15 de mar\u00e7o. Est\u00e3o previstas atividades externas no Parque Solon de Lucena e no Largo de Tamba\u00fa (Corrida Noturna) e mutir\u00e3o para renegocia\u00e7\u00e3o de d\u00edvidas banc\u00e1rias, inclusive com um dia dedicado exclusivamente ao p\u00fablico feminino.<\/p>\n<p>As a\u00e7\u00f5es estar\u00e3o voltadas, ainda, para o aluno da Rede Municipal de Ensino, a exemplo do lan\u00e7amento da Escola do Consumidor, a entrega da Carteira Solid\u00e1ria 2025 e o EducaProcon, que leva os estudantes para uma visita pedag\u00f3gica a um supermercado.<\/p>\n<p>A programa\u00e7\u00e3o come\u00e7a no dia 10 para o p\u00fablico feminino (homenagem ao Dia da Mulher), com atendimento exclusivo no Mutir\u00e3o para Renegocia\u00e7\u00e3o de D\u00edvidas, como tamb\u00e9m a distribui\u00e7\u00e3o de brindes e da Cartilha da Mulher Consumidora. \u201cSer\u00e1 um dia especial para as consumidoras da Capital, com o SAC do Procon-JP atendendo exclusivamente a mulher e a consultoria jur\u00eddica envidando esfor\u00e7os para sanar suas d\u00edvidas banc\u00e1rias atrav\u00e9s do Mutir\u00e3o\u201d, ressaltou o secret\u00e1rio de Prote\u00e7\u00e3o e Defesa do Consumidor, J\u00fanior Pires.<\/p>\n<p><strong>Mutir\u00e3o geral<\/strong><br \/>\nO Mutir\u00e3o para Renegocia\u00e7\u00e3o de D\u00edvidas para o pessoense de forma geral inicia no dia 11 e se estende at\u00e9 o dia 15 na Lagoa, Dia Mundial do Consumidor, que ter\u00e1 um encerramento festivo com direito a lanche, m\u00fasica e distribui\u00e7\u00e3o de brindes para quem passar pelo local.<\/p>\n<p><strong>Cartilha Digital<\/strong><br \/>\nUm dos lan\u00e7amentos previstos na programa\u00e7\u00e3o do Dia Mundial do Consumidor este ano \u00e9 o da Cartilha Digital do Consumidor, no dia 10. A cartilha ser\u00e1 um dos instrumentos do Procon-JP para manter o consumidor informado sobre a legisla\u00e7\u00e3o e seus direitos. O documento ficar\u00e1 dispon\u00edvel em um link no site procon.joaopessoa.pb.gov.br.<\/p>\n<p><strong>EducaProcon<\/strong><br \/>\nUm programa que precisa ser lembrado \u00e9 o EducaProcon, que ter\u00e1 sua quarta edi\u00e7\u00e3o no dia 12 de mar\u00e7o e vai levar a um supermercado os alunos do 5\u00ba ano da Rede Municipal de Ensino para aprender, na pr\u00e1tica, o valor monet\u00e1rio do dinheiro. A atividade acontece sob a supervis\u00e3o da equipe de fiscaliza\u00e7\u00e3o do Procon-JP.<\/p>\n","protected":false},"excerpt":{"rendered":"<p>O m\u00eas de mar\u00e7o ter\u00e1 uma vasta programa\u00e7\u00e3o preparada pelo Procon-JP para comemorar o Dia Mundial do Consumidor, festejado em 15 de mar\u00e7o. Est\u00e3o previstas atividades externas no Parque Solon de Lucena e no Largo de Tamba\u00fa (Corrida Noturna) e mutir\u00e3o para renegocia\u00e7\u00e3o de d\u00edvidas banc\u00e1rias, inclusive com um dia dedicado exclusivamente ao p\u00fablico feminino. &hellip;<\/p>\n","protected":false},"author":1,"featured_media":98554,"comment_status":"open","ping_status":"open","sticky":false,"template":"","format":"standard","meta":{"footnotes":""},"categories":[16],"tags":[],"class_list":["post-134622","post","type-post","status-publish","format-standard","has-post-thumbnail","hentry","category-economia"],"_links":{"self":[{"href":"https:\/\/iparaiba.com.br\/index.php\/wp-json\/wp\/v2\/posts\/134622","targetHints":{"allow":["GET"]}}],"collection":[{"href":"https:\/\/iparaiba.com.br\/index.php\/wp-json\/wp\/v2\/posts"}],"about":[{"href":"https:\/\/iparaiba.com.br\/index.php\/wp-json\/wp\/v2\/types\/post"}],"author":[{"embeddable":true,"href":"https:\/\/iparaiba.com.br\/index.php\/wp-json\/wp\/v2\/users\/1"}],"replies":[{"embeddable":true,"href":"https:\/\/iparaiba.com.br\/index.php\/wp-json\/wp\/v2\/comments?post=134622"}],"version-history":[{"count":0,"href":"https:\/\/iparaiba.com.br\/index.php\/wp-json\/wp\/v2\/posts\/134622\/revisions"}],"wp:featuredmedia":[{"embeddable":true,"href":"https:\/\/iparaiba.com.br\/index.php\/wp-json\/wp\/v2\/media\/98554"}],"wp:attachment":[{"href":"https:\/\/iparaiba.com.br\/index.php\/wp-json\/wp\/v2\/media?parent=134622"}],"wp:term":[{"taxonomy":"category","embeddable":true,"href":"https:\/\/iparaiba.com.br\/index.php\/wp-json\/wp\/v2\/categories?post=134622"},{"taxonomy":"post_tag","embeddable":true,"href":"https:\/\/iparaiba.com.br\/index.php\/wp-json\/wp\/v2\/tags?post=134622"}],"curies":[{"name":"wp","href":"https:\/\/api.w.org\/{rel}","templated":true}]}}