{"id":134613,"date":"2025-03-08T14:08:20","date_gmt":"2025-03-08T17:08:20","guid":{"rendered":"https:\/\/onordeste.com.br\/?p=134612"},"modified":"2025-03-08T14:08:20","modified_gmt":"2025-03-08T17:08:20","slug":"justica-anula-regras-que-afastam-eleicoes-em-vacancia-definitiva-de-cargos","status":"publish","type":"post","link":"https:\/\/iparaiba.com.br\/index.php\/2025\/03\/08\/justica-anula-regras-que-afastam-eleicoes-em-vacancia-definitiva-de-cargos\/","title":{"rendered":"Justi\u00e7a anula regras que afastam elei\u00e7\u00f5es em vac\u00e2ncia definitiva de cargos"},"content":{"rendered":"<p>O Supremo Tribunal Federal (STF) invalidou regras do Rio Grande do Norte e do Rio Grande do Sul que estabeleciam que, em caso de vac\u00e2ncia dos cargos de governador e de vice no \u00faltimo ano do mandato, a chefia do Executivo deveria ser exercida no per\u00edodo restante, sucessivamente, pelos presidentes da Assembleia Legislativa e do Tribunal de Justi\u00e7a.<\/p>\n<p>A decis\u00e3o foi tomada na sess\u00e3o plen\u00e1ria virtual conclu\u00edda em 21\/2, no julgamento das A\u00e7\u00f5es Diretas de Inconstitucionalidade (ADIs)\u00a0<strong><a href=\"https:\/\/portal.stf.jus.br\/processos\/detalhe.asp?incidente=6356920\" target=\"_blank\" rel=\"noreferrer noopener\" data-type=\"URL\" data-id=\"https:\/\/portal.stf.jus.br\/processos\/detalhe.asp?incidente=6356920\">7085<\/a><\/strong>\u00a0e\u00a0<strong><a href=\"https:\/\/portal.stf.jus.br\/processos\/detalhe.asp?incidente=6380154\" target=\"_blank\" rel=\"noreferrer noopener\" data-type=\"URL\" data-id=\"https:\/\/portal.stf.jus.br\/processos\/detalhe.asp?incidente=6380154\">7138<\/a><\/strong>, propostas pela Procuradoria-Geral da Rep\u00fablica (PGR) contra dispositivos das Constitui\u00e7\u00f5es do Rio Grande do Norte e Rio Grande do Sul, respectivamente.<\/p>\n<p>No voto que foi seguido por unanimidade, o ministro Cristiano Zanin (relator) explicou que o Supremo tem jurisprud\u00eancia consolidada de que \u00e9 imprescind\u00edvel a realiza\u00e7\u00e3o de novas elei\u00e7\u00f5es, diretas ou indiretas, no caso de vac\u00e2ncia definitiva do cargo de chefe do Executivo local por causas n\u00e3o eleitorais. Segundo esse entendimento, deve ser respeitado o princ\u00edpio democr\u00e1tico e republicano por meio de elei\u00e7\u00f5es. O relator lembrou, ainda, que as regras das Constitui\u00e7\u00f5es dos dois estados s\u00e3o semelhantes \u00e0s de outros entes federativos j\u00e1 declaradas inconstitucionais pelo Supremo.<\/p>\n","protected":false},"excerpt":{"rendered":"<p>O Supremo Tribunal Federal (STF) invalidou regras do Rio Grande do Norte e do Rio Grande do Sul que estabeleciam que, em caso de vac\u00e2ncia dos cargos de governador e de vice no \u00faltimo ano do mandato, a chefia do Executivo deveria ser exercida no per\u00edodo restante, sucessivamente, pelos presidentes da Assembleia Legislativa e do &hellip;<\/p>\n","protected":false},"author":1,"featured_media":110370,"comment_status":"open","ping_status":"open","sticky":false,"template":"","format":"standard","meta":{"footnotes":""},"categories":[9],"tags":[],"class_list":["post-134613","post","type-post","status-publish","format-standard","has-post-thumbnail","hentry","category-justica"],"_links":{"self":[{"href":"https:\/\/iparaiba.com.br\/index.php\/wp-json\/wp\/v2\/posts\/134613","targetHints":{"allow":["GET"]}}],"collection":[{"href":"https:\/\/iparaiba.com.br\/index.php\/wp-json\/wp\/v2\/posts"}],"about":[{"href":"https:\/\/iparaiba.com.br\/index.php\/wp-json\/wp\/v2\/types\/post"}],"author":[{"embeddable":true,"href":"https:\/\/iparaiba.com.br\/index.php\/wp-json\/wp\/v2\/users\/1"}],"replies":[{"embeddable":true,"href":"https:\/\/iparaiba.com.br\/index.php\/wp-json\/wp\/v2\/comments?post=134613"}],"version-history":[{"count":1,"href":"https:\/\/iparaiba.com.br\/index.php\/wp-json\/wp\/v2\/posts\/134613\/revisions"}],"predecessor-version":[{"id":134636,"href":"https:\/\/iparaiba.com.br\/index.php\/wp-json\/wp\/v2\/posts\/134613\/revisions\/134636"}],"wp:featuredmedia":[{"embeddable":true,"href":"https:\/\/iparaiba.com.br\/index.php\/wp-json\/wp\/v2\/media\/110370"}],"wp:attachment":[{"href":"https:\/\/iparaiba.com.br\/index.php\/wp-json\/wp\/v2\/media?parent=134613"}],"wp:term":[{"taxonomy":"category","embeddable":true,"href":"https:\/\/iparaiba.com.br\/index.php\/wp-json\/wp\/v2\/categories?post=134613"},{"taxonomy":"post_tag","embeddable":true,"href":"https:\/\/iparaiba.com.br\/index.php\/wp-json\/wp\/v2\/tags?post=134613"}],"curies":[{"name":"wp","href":"https:\/\/api.w.org\/{rel}","templated":true}]}}