{"id":134612,"date":"2025-03-08T12:06:58","date_gmt":"2025-03-08T15:06:58","guid":{"rendered":"https:\/\/onordeste.com.br\/?p=134610"},"modified":"2025-03-08T12:06:58","modified_gmt":"2025-03-08T15:06:58","slug":"associacao-questiona-normas-da-anvisa-sobre-propaganda-de-alimentos","status":"publish","type":"post","link":"https:\/\/iparaiba.com.br\/index.php\/2025\/03\/08\/associacao-questiona-normas-da-anvisa-sobre-propaganda-de-alimentos\/","title":{"rendered":"Associa\u00e7\u00e3o questiona normas da Anvisa sobre propaganda de alimentos"},"content":{"rendered":"<p>A Associa\u00e7\u00e3o Brasileira de Emissoras de R\u00e1dio e Televis\u00e3o (Abert) questiona no Supremo Tribunal Federal (STF) duas resolu\u00e7\u00f5es da Ag\u00eancia Nacional de Vigil\u00e2ncia Sanit\u00e1ria (Anvisa) que estabelecem regras para a propaganda de alimentos considerados nocivos \u00e0 sa\u00fade e para a propaganda de medicamentos. A A\u00e7\u00e3o Direta de Inconstitucionalidade\u00a0<strong><a href=\"https:\/\/portal.stf.jus.br\/processos\/detalhe.asp?incidente=7180375\" target=\"_blank\" rel=\"noreferrer noopener\" data-type=\"URL\" data-id=\"https:\/\/portal.stf.jus.br\/processos\/detalhe.asp?incidente=7180375\">(ADI) 7788<\/a><\/strong>\u00a0foi distribu\u00edda ao ministro Cristiano Zanin.<\/p>\n<p>Segundo a Abert, as resolu\u00e7\u00f5es (RDCs 24\/2010 e 96\/2008) trazem restri\u00e7\u00f5es \u00e0 publicidade que s\u00f3 poderiam ser criadas por meio de lei federal. A associa\u00e7\u00e3o tamb\u00e9m argumenta que as normas s\u00e3o desproporcionais e afetam a liberdade econ\u00f4mica porque, em vez de informar o consumidor, teriam o objetivo de inviabilizar a publicidade desses produtos.<\/p>\n<p>Em seu pedido, a Abert disse que as resolu\u00e7\u00f5es foram suspensas por decis\u00f5es judiciais, mas est\u00e3o em \u201cvias de serem revertidas\u201d. A validade das normas est\u00e1 sendo analisada pelo STF nos Recursos Extraordin\u00e1rios com Agravo (ARE) 1477940 e 1480888, sob as relatorias de Fl\u00e1vio Dino e Cristiano Zanin, respectivamente. Os julgamentos dos dois casos foram suspensos em outubro de 2024 por pedido de vista (mais tempo para an\u00e1lise) da ministra C\u00e1rmen L\u00facia. Os relatores votaram para reconhecer a validade das resolu\u00e7\u00f5es. Por isso, a entidade pede a concess\u00e3o de liminar para suspender sua efic\u00e1cia e refor\u00e7a a necessidade para que haja um pronunciamento do Plen\u00e1rio sobre a mat\u00e9ria, cujo debate est\u00e1 sendo realizado na Primeira Turma.<\/p>\n","protected":false},"excerpt":{"rendered":"<p>A Associa\u00e7\u00e3o Brasileira de Emissoras de R\u00e1dio e Televis\u00e3o (Abert) questiona no Supremo Tribunal Federal (STF) duas resolu\u00e7\u00f5es da Ag\u00eancia Nacional de Vigil\u00e2ncia Sanit\u00e1ria (Anvisa) que estabelecem regras para a propaganda de alimentos considerados nocivos \u00e0 sa\u00fade e para a propaganda de medicamentos. A A\u00e7\u00e3o Direta de Inconstitucionalidade\u00a0(ADI) 7788\u00a0foi distribu\u00edda ao ministro Cristiano Zanin. Segundo &hellip;<\/p>\n","protected":false},"author":1,"featured_media":110616,"comment_status":"open","ping_status":"open","sticky":false,"template":"","format":"standard","meta":{"footnotes":""},"categories":[9],"tags":[],"class_list":["post-134612","post","type-post","status-publish","format-standard","has-post-thumbnail","hentry","category-justica"],"_links":{"self":[{"href":"https:\/\/iparaiba.com.br\/index.php\/wp-json\/wp\/v2\/posts\/134612","targetHints":{"allow":["GET"]}}],"collection":[{"href":"https:\/\/iparaiba.com.br\/index.php\/wp-json\/wp\/v2\/posts"}],"about":[{"href":"https:\/\/iparaiba.com.br\/index.php\/wp-json\/wp\/v2\/types\/post"}],"author":[{"embeddable":true,"href":"https:\/\/iparaiba.com.br\/index.php\/wp-json\/wp\/v2\/users\/1"}],"replies":[{"embeddable":true,"href":"https:\/\/iparaiba.com.br\/index.php\/wp-json\/wp\/v2\/comments?post=134612"}],"version-history":[{"count":1,"href":"https:\/\/iparaiba.com.br\/index.php\/wp-json\/wp\/v2\/posts\/134612\/revisions"}],"predecessor-version":[{"id":134635,"href":"https:\/\/iparaiba.com.br\/index.php\/wp-json\/wp\/v2\/posts\/134612\/revisions\/134635"}],"wp:featuredmedia":[{"embeddable":true,"href":"https:\/\/iparaiba.com.br\/index.php\/wp-json\/wp\/v2\/media\/110616"}],"wp:attachment":[{"href":"https:\/\/iparaiba.com.br\/index.php\/wp-json\/wp\/v2\/media?parent=134612"}],"wp:term":[{"taxonomy":"category","embeddable":true,"href":"https:\/\/iparaiba.com.br\/index.php\/wp-json\/wp\/v2\/categories?post=134612"},{"taxonomy":"post_tag","embeddable":true,"href":"https:\/\/iparaiba.com.br\/index.php\/wp-json\/wp\/v2\/tags?post=134612"}],"curies":[{"name":"wp","href":"https:\/\/api.w.org\/{rel}","templated":true}]}}