{"id":134610,"date":"2025-03-08T08:04:03","date_gmt":"2025-03-08T11:04:03","guid":{"rendered":"https:\/\/onordeste.com.br\/?p=134606"},"modified":"2025-03-08T08:04:03","modified_gmt":"2025-03-08T11:04:03","slug":"policia-apreende-som-automotivo-e-multa-proprietario-por-poluicao-sonora","status":"publish","type":"post","link":"https:\/\/iparaiba.com.br\/index.php\/2025\/03\/08\/policia-apreende-som-automotivo-e-multa-proprietario-por-poluicao-sonora\/","title":{"rendered":"Pol\u00edcia apreende som automotivo e multa propriet\u00e1rio por polui\u00e7\u00e3o sonora"},"content":{"rendered":"<p>A Pol\u00edcia Militar apreendeu um som automotivo que estava causando polui\u00e7\u00e3o sonora na praia de Ponta de Lucena, na cidade de Lucena, litoral norte da Para\u00edba. O equipamento estava na mala de um carro. O condutor foi multado em R$ 5 mil reais.<\/p>\n<p>As equipes do Batalh\u00e3o Especializado em Policiamento Tur\u00edstico (BEPTur) e do Batalh\u00e3o de Policiamento Ambiental (BPAmb) faziam rondas quando se depararam com o ve\u00edculo, que estava na rua com o som em alto volume. Foi feita a aferi\u00e7\u00e3o com uso de um aparelho chamado decibel\u00edmetro e constato o crime de polui\u00e7\u00e3o sonora.<\/p>\n<p>O propriet\u00e1rio e o ve\u00edculo com o som foram levados para a Delegacia de Pol\u00edcia, em Lucena.<\/p>\n","protected":false},"excerpt":{"rendered":"<p>A Pol\u00edcia Militar apreendeu um som automotivo que estava causando polui\u00e7\u00e3o sonora na praia de Ponta de Lucena, na cidade de Lucena, litoral norte da Para\u00edba. O equipamento estava na mala de um carro. O condutor foi multado em R$ 5 mil reais. As equipes do Batalh\u00e3o Especializado em Policiamento Tur\u00edstico (BEPTur) e do Batalh\u00e3o &hellip;<\/p>\n","protected":false},"author":1,"featured_media":104189,"comment_status":"open","ping_status":"open","sticky":false,"template":"","format":"standard","meta":{"footnotes":""},"categories":[13],"tags":[],"class_list":["post-134610","post","type-post","status-publish","format-standard","has-post-thumbnail","hentry","category-policial"],"_links":{"self":[{"href":"https:\/\/iparaiba.com.br\/index.php\/wp-json\/wp\/v2\/posts\/134610","targetHints":{"allow":["GET"]}}],"collection":[{"href":"https:\/\/iparaiba.com.br\/index.php\/wp-json\/wp\/v2\/posts"}],"about":[{"href":"https:\/\/iparaiba.com.br\/index.php\/wp-json\/wp\/v2\/types\/post"}],"author":[{"embeddable":true,"href":"https:\/\/iparaiba.com.br\/index.php\/wp-json\/wp\/v2\/users\/1"}],"replies":[{"embeddable":true,"href":"https:\/\/iparaiba.com.br\/index.php\/wp-json\/wp\/v2\/comments?post=134610"}],"version-history":[{"count":1,"href":"https:\/\/iparaiba.com.br\/index.php\/wp-json\/wp\/v2\/posts\/134610\/revisions"}],"predecessor-version":[{"id":134633,"href":"https:\/\/iparaiba.com.br\/index.php\/wp-json\/wp\/v2\/posts\/134610\/revisions\/134633"}],"wp:featuredmedia":[{"embeddable":true,"href":"https:\/\/iparaiba.com.br\/index.php\/wp-json\/wp\/v2\/media\/104189"}],"wp:attachment":[{"href":"https:\/\/iparaiba.com.br\/index.php\/wp-json\/wp\/v2\/media?parent=134610"}],"wp:term":[{"taxonomy":"category","embeddable":true,"href":"https:\/\/iparaiba.com.br\/index.php\/wp-json\/wp\/v2\/categories?post=134610"},{"taxonomy":"post_tag","embeddable":true,"href":"https:\/\/iparaiba.com.br\/index.php\/wp-json\/wp\/v2\/tags?post=134610"}],"curies":[{"name":"wp","href":"https:\/\/api.w.org\/{rel}","templated":true}]}}