{"id":134609,"date":"2025-03-08T06:01:35","date_gmt":"2025-03-08T09:01:35","guid":{"rendered":"https:\/\/onordeste.com.br\/?p=134604"},"modified":"2025-03-08T06:01:35","modified_gmt":"2025-03-08T09:01:35","slug":"policia-militar-prende-dupla-acusada-de-assaltar-posto-de-combustivel","status":"publish","type":"post","link":"https:\/\/iparaiba.com.br\/index.php\/2025\/03\/08\/policia-militar-prende-dupla-acusada-de-assaltar-posto-de-combustivel\/","title":{"rendered":"Pol\u00edcia Militar prende dupla acusada de assaltar posto de combust\u00edvel"},"content":{"rendered":"<p>A Pol\u00edcia Militar frustrou dois assaltantes ap\u00f3s um roubo em um posto de combust\u00edvel, no bairro Esplanada, em Jo\u00e3o Pessoa. A pris\u00e3o aconteceu na madrugada desta quinta-feira (06), resultando ainda na apreens\u00e3o de uma arma de fogo (foto acima ilustrativa).<\/p>\n<p>A dupla de acusados tentou fugir mas foi flagrada pelos policiais da For\u00e7a T\u00e1tica do 5\u00ba Batalh\u00e3o. Entre os acusados, um deles j\u00e1 havia sido apreendido quando era adolescente por ato infracional an\u00e1logo ao porte de arma. A pris\u00e3o dos acusados aconteceu no bairro do Ernesto Geisel. A arma usada no crime, uma espingarda de fabrica\u00e7\u00e3o caseira, foi apreendida e o dinheiro foi recuperado.<\/p>\n<p>Em fevereiro, 44 armas de fogo foram apreendidas na zona sul de Jo\u00e3o Pessoa, na \u00e1rea de atua\u00e7\u00e3o do 5\u00ba Batalh\u00e3o. As apreens\u00f5es frustraram novos delitos.<\/p>\n","protected":false},"excerpt":{"rendered":"<p>A Pol\u00edcia Militar frustrou dois assaltantes ap\u00f3s um roubo em um posto de combust\u00edvel, no bairro Esplanada, em Jo\u00e3o Pessoa. A pris\u00e3o aconteceu na madrugada desta quinta-feira (06), resultando ainda na apreens\u00e3o de uma arma de fogo (foto acima ilustrativa). A dupla de acusados tentou fugir mas foi flagrada pelos policiais da For\u00e7a T\u00e1tica do &hellip;<\/p>\n","protected":false},"author":1,"featured_media":116720,"comment_status":"open","ping_status":"open","sticky":false,"template":"","format":"standard","meta":{"footnotes":""},"categories":[13],"tags":[],"class_list":["post-134609","post","type-post","status-publish","format-standard","has-post-thumbnail","hentry","category-policial"],"_links":{"self":[{"href":"https:\/\/iparaiba.com.br\/index.php\/wp-json\/wp\/v2\/posts\/134609","targetHints":{"allow":["GET"]}}],"collection":[{"href":"https:\/\/iparaiba.com.br\/index.php\/wp-json\/wp\/v2\/posts"}],"about":[{"href":"https:\/\/iparaiba.com.br\/index.php\/wp-json\/wp\/v2\/types\/post"}],"author":[{"embeddable":true,"href":"https:\/\/iparaiba.com.br\/index.php\/wp-json\/wp\/v2\/users\/1"}],"replies":[{"embeddable":true,"href":"https:\/\/iparaiba.com.br\/index.php\/wp-json\/wp\/v2\/comments?post=134609"}],"version-history":[{"count":1,"href":"https:\/\/iparaiba.com.br\/index.php\/wp-json\/wp\/v2\/posts\/134609\/revisions"}],"predecessor-version":[{"id":134632,"href":"https:\/\/iparaiba.com.br\/index.php\/wp-json\/wp\/v2\/posts\/134609\/revisions\/134632"}],"wp:featuredmedia":[{"embeddable":true,"href":"https:\/\/iparaiba.com.br\/index.php\/wp-json\/wp\/v2\/media\/116720"}],"wp:attachment":[{"href":"https:\/\/iparaiba.com.br\/index.php\/wp-json\/wp\/v2\/media?parent=134609"}],"wp:term":[{"taxonomy":"category","embeddable":true,"href":"https:\/\/iparaiba.com.br\/index.php\/wp-json\/wp\/v2\/categories?post=134609"},{"taxonomy":"post_tag","embeddable":true,"href":"https:\/\/iparaiba.com.br\/index.php\/wp-json\/wp\/v2\/tags?post=134609"}],"curies":[{"name":"wp","href":"https:\/\/api.w.org\/{rel}","templated":true}]}}