{"id":134607,"date":"2025-03-07T16:00:35","date_gmt":"2025-03-07T19:00:35","guid":{"rendered":"https:\/\/onordeste.com.br\/?p=134600"},"modified":"2025-03-07T16:00:35","modified_gmt":"2025-03-07T19:00:35","slug":"prefeitura-lanca-campanha-voltada-a-saude-da-mulher","status":"publish","type":"post","link":"https:\/\/iparaiba.com.br\/index.php\/2025\/03\/07\/prefeitura-lanca-campanha-voltada-a-saude-da-mulher\/","title":{"rendered":"Prefeitura lan\u00e7a campanha voltada \u00e0 sa\u00fade da mulher"},"content":{"rendered":"<p>A Prefeitura de Campina Grande vai iniciar a campanha Mar\u00e7o Lil\u00e1s, que chama a aten\u00e7\u00e3o para o cuidado integral da sa\u00fade da mulher, com foco na preven\u00e7\u00e3o e no diagn\u00f3stico precoce do c\u00e2ncer do colo do \u00fatero. A campanha \u00e9 desenvolvida no m\u00eas de mar\u00e7o, em fun\u00e7\u00e3o do Dia Internacional da Mulher, dia 8.<\/p>\n<p>A abertura da campanha ser\u00e1 realizada na manh\u00e3 desta quinta-feira, 6, \u00e0s 8h no Hospital de Amor, com oferta de servi\u00e7os para o p\u00fablico feminino. A abertura acontece na Semana da Mulher Campinense, que foi institu\u00edda por meio da lei municipal da vereadora Carol Gomes e prev\u00ea a realiza\u00e7\u00e3o de a\u00e7\u00f5es de sa\u00fade na primeira semana do m\u00eas de mar\u00e7o.<\/p>\n<p>Durante todo o m\u00eas e at\u00e9 no in\u00edcio de abril, outras programa\u00e7\u00f5es ser\u00e3o desenvolvidas com a carreta de servi\u00e7os do Hospital de Amor. Ser\u00e3o ofertadas mamografias no distrito de Galante nos dias 11 e 12; em Catol\u00e9 de Boa Vista nos dias 18 e 19; no Complexo Habitacional Alu\u00edzio Campos em 26 e 27 de mar\u00e7o; e no distrito de S\u00e3o Jos\u00e9 da Mata nos dias 8 e 9 de abril.<\/p>\n<p>Tamb\u00e9m ser\u00e3o desenvolvidas a\u00e7\u00f5es intersetoriais na Pra\u00e7a da Bandeira no dia 12 de mar\u00e7o e no Parque Evaldo Cruz no dia 29. Al\u00e9m dessa programa\u00e7\u00e3o, as coletas de exame citopatol\u00f3gico ser\u00e3o intensificadas na Aten\u00e7\u00e3o Prim\u00e1ria \u00e0 Sa\u00fade. \u201cDesenvolvemos uma campanha com aten\u00e7\u00e3o integral \u00e0 Sa\u00fade das Mulheres em parceria com os \u00f3rg\u00e3os da nossa rede de assist\u00eancia\u201d, disse a coordenadora de Sa\u00fade da Mulher, Ana Cristina Rodrigues.<\/p>\n<p><strong>Programa\u00e7\u00e3o do Mar\u00e7o Lil\u00e1s<\/strong>:<\/p>\n<p>Abertura da campanha:<br \/>\n6 de mar\u00e7o \u2013 8h \u2013 Hospital de Amor<\/p>\n<p>Realiza\u00e7\u00e3o de mamografias com a carreta de servi\u00e7os do Hospital de Amor:<br \/>\nGalante \u2013 11 e 12 de mar\u00e7o<br \/>\nCatol\u00e9 de Boa Vista \u2013 18 e 19 de mar\u00e7o<br \/>\nAlu\u00edzio Campos \u2013 26 e 27 de mar\u00e7o<br \/>\nS\u00e3o Jos\u00e9 da Mata \u2013 08 e 09 de abril<\/p>\n<p>A\u00e7\u00f5es intersetoriais:<br \/>\nDia 12\/03 Pra\u00e7a da Bandeira<br \/>\nDia 29\/03 Parque Evaldo Cruz.<\/p>\n<p>Codecom<\/p>\n","protected":false},"excerpt":{"rendered":"<p>A Prefeitura de Campina Grande vai iniciar a campanha Mar\u00e7o Lil\u00e1s, que chama a aten\u00e7\u00e3o para o cuidado integral da sa\u00fade da mulher, com foco na preven\u00e7\u00e3o e no diagn\u00f3stico precoce do c\u00e2ncer do colo do \u00fatero. A campanha \u00e9 desenvolvida no m\u00eas de mar\u00e7o, em fun\u00e7\u00e3o do Dia Internacional da Mulher, dia 8. A &hellip;<\/p>\n","protected":false},"author":1,"featured_media":101760,"comment_status":"open","ping_status":"open","sticky":false,"template":"","format":"standard","meta":{"footnotes":""},"categories":[6],"tags":[],"class_list":["post-134607","post","type-post","status-publish","format-standard","has-post-thumbnail","hentry","category-destaques"],"_links":{"self":[{"href":"https:\/\/iparaiba.com.br\/index.php\/wp-json\/wp\/v2\/posts\/134607","targetHints":{"allow":["GET"]}}],"collection":[{"href":"https:\/\/iparaiba.com.br\/index.php\/wp-json\/wp\/v2\/posts"}],"about":[{"href":"https:\/\/iparaiba.com.br\/index.php\/wp-json\/wp\/v2\/types\/post"}],"author":[{"embeddable":true,"href":"https:\/\/iparaiba.com.br\/index.php\/wp-json\/wp\/v2\/users\/1"}],"replies":[{"embeddable":true,"href":"https:\/\/iparaiba.com.br\/index.php\/wp-json\/wp\/v2\/comments?post=134607"}],"version-history":[{"count":1,"href":"https:\/\/iparaiba.com.br\/index.php\/wp-json\/wp\/v2\/posts\/134607\/revisions"}],"predecessor-version":[{"id":134630,"href":"https:\/\/iparaiba.com.br\/index.php\/wp-json\/wp\/v2\/posts\/134607\/revisions\/134630"}],"wp:featuredmedia":[{"embeddable":true,"href":"https:\/\/iparaiba.com.br\/index.php\/wp-json\/wp\/v2\/media\/101760"}],"wp:attachment":[{"href":"https:\/\/iparaiba.com.br\/index.php\/wp-json\/wp\/v2\/media?parent=134607"}],"wp:term":[{"taxonomy":"category","embeddable":true,"href":"https:\/\/iparaiba.com.br\/index.php\/wp-json\/wp\/v2\/categories?post=134607"},{"taxonomy":"post_tag","embeddable":true,"href":"https:\/\/iparaiba.com.br\/index.php\/wp-json\/wp\/v2\/tags?post=134607"}],"curies":[{"name":"wp","href":"https:\/\/api.w.org\/{rel}","templated":true}]}}