{"id":134605,"date":"2025-03-07T12:00:30","date_gmt":"2025-03-07T15:00:30","guid":{"rendered":"https:\/\/onordeste.com.br\/?p=134596"},"modified":"2025-03-07T12:00:30","modified_gmt":"2025-03-07T15:00:30","slug":"oab-paraiba-inicia-mobilizacao-para-evitar-reducao-de-vagas-na-bancada","status":"publish","type":"post","link":"https:\/\/iparaiba.com.br\/index.php\/2025\/03\/07\/oab-paraiba-inicia-mobilizacao-para-evitar-reducao-de-vagas-na-bancada\/","title":{"rendered":"OAB Para\u00edba inicia mobiliza\u00e7\u00e3o para evitar redu\u00e7\u00e3o de vagas na bancada"},"content":{"rendered":"<p>O presidente da Ordem dos Advogados do Brasil (OAB) na Para\u00edba, Harrison Targino, iniciou uma mobiliza\u00e7\u00e3o no sentido de agir contra a proposta de redu\u00e7\u00e3o de duas vagas na bancada federal da Para\u00edba. Targino disse, em entrevista nesta quinta-feira (6) que j\u00e1 encaminhou um of\u00edcio ao presidente da C\u00e2mara dos Deputados, deputado Hugo Mota (Republicanos), com o objetivo de impedir essa altera\u00e7\u00e3o e evitar danos econ\u00f4micos ao Estado.<\/p>\n<div class=\"related\">\n<div>No documento, Harrison Targino defendeu que a diminui\u00e7\u00e3o das vagas poderia prejudicar a representatividade da popula\u00e7\u00e3o paraibana no cen\u00e1rio federal, comprometendo a voz do Estado nas decis\u00f5es de relev\u00e2ncia nacional. \u201cAo lutar para que se fa\u00e7a um novo desenho, uma mudan\u00e7a constitucional e de interven\u00e7\u00e3o, n\u00f3s preservamos a Para\u00edba, a popula\u00e7\u00e3o da Para\u00edba e garantimos a todos uma representatividade adequada desse seu povo\u201d, destacou o presidente da OAB.<\/div>\n<\/div>\n<p>A redu\u00e7\u00e3o das vagas na bancada federal da Para\u00edba \u00e9 um tema controverso que tem gerado debates entre pol\u00edticos, representantes da sociedade civil e entidades de classe. Targino refor\u00e7ou a import\u00e2ncia da manuten\u00e7\u00e3o da atual composi\u00e7\u00e3o para garantir que os interesses do Estado sejam adequadamente representados no Congresso Nacional.<\/p>\n<p>A proposta de altera\u00e7\u00e3o foi discutida com a alega\u00e7\u00e3o de que a redistribui\u00e7\u00e3o das vagas deveria acompanhar o crescimento populacional e os crit\u00e9rios definidos pela Constitui\u00e7\u00e3o. No entanto, a OAB Para\u00edba tem se posicionado contra esse redimensionamento, enfatizando que uma diminui\u00e7\u00e3o da bancada federal traria preju\u00edzos irrepar\u00e1veis \u00e0 autonomia e ao desenvolvimento econ\u00f4mico do Estado.<\/p>\n<p><strong><em>PB Agora<\/em><\/strong><\/p>\n","protected":false},"excerpt":{"rendered":"<p>O presidente da Ordem dos Advogados do Brasil (OAB) na Para\u00edba, Harrison Targino, iniciou uma mobiliza\u00e7\u00e3o no sentido de agir contra a proposta de redu\u00e7\u00e3o de duas vagas na bancada federal da Para\u00edba. Targino disse, em entrevista nesta quinta-feira (6) que j\u00e1 encaminhou um of\u00edcio ao presidente da C\u00e2mara dos Deputados, deputado Hugo Mota (Republicanos), &hellip;<\/p>\n","protected":false},"author":1,"featured_media":123156,"comment_status":"open","ping_status":"open","sticky":false,"template":"","format":"standard","meta":{"footnotes":""},"categories":[8],"tags":[],"class_list":["post-134605","post","type-post","status-publish","format-standard","has-post-thumbnail","hentry","category-politica"],"_links":{"self":[{"href":"https:\/\/iparaiba.com.br\/index.php\/wp-json\/wp\/v2\/posts\/134605","targetHints":{"allow":["GET"]}}],"collection":[{"href":"https:\/\/iparaiba.com.br\/index.php\/wp-json\/wp\/v2\/posts"}],"about":[{"href":"https:\/\/iparaiba.com.br\/index.php\/wp-json\/wp\/v2\/types\/post"}],"author":[{"embeddable":true,"href":"https:\/\/iparaiba.com.br\/index.php\/wp-json\/wp\/v2\/users\/1"}],"replies":[{"embeddable":true,"href":"https:\/\/iparaiba.com.br\/index.php\/wp-json\/wp\/v2\/comments?post=134605"}],"version-history":[{"count":1,"href":"https:\/\/iparaiba.com.br\/index.php\/wp-json\/wp\/v2\/posts\/134605\/revisions"}],"predecessor-version":[{"id":134628,"href":"https:\/\/iparaiba.com.br\/index.php\/wp-json\/wp\/v2\/posts\/134605\/revisions\/134628"}],"wp:featuredmedia":[{"embeddable":true,"href":"https:\/\/iparaiba.com.br\/index.php\/wp-json\/wp\/v2\/media\/123156"}],"wp:attachment":[{"href":"https:\/\/iparaiba.com.br\/index.php\/wp-json\/wp\/v2\/media?parent=134605"}],"wp:term":[{"taxonomy":"category","embeddable":true,"href":"https:\/\/iparaiba.com.br\/index.php\/wp-json\/wp\/v2\/categories?post=134605"},{"taxonomy":"post_tag","embeddable":true,"href":"https:\/\/iparaiba.com.br\/index.php\/wp-json\/wp\/v2\/tags?post=134605"}],"curies":[{"name":"wp","href":"https:\/\/api.w.org\/{rel}","templated":true}]}}