{"id":134603,"date":"2025-03-07T08:00:21","date_gmt":"2025-03-07T11:00:21","guid":{"rendered":"https:\/\/onordeste.com.br\/?p=134592"},"modified":"2025-03-07T08:00:21","modified_gmt":"2025-03-07T11:00:21","slug":"tcu-define-diretrizes-para-analise-das-contas-do-presidente-da-republica","status":"publish","type":"post","link":"https:\/\/iparaiba.com.br\/index.php\/2025\/03\/07\/tcu-define-diretrizes-para-analise-das-contas-do-presidente-da-republica\/","title":{"rendered":"TCU define diretrizes para an\u00e1lise das contas do presidente da Rep\u00fablica"},"content":{"rendered":"<p>O Tribunal de contas da Uni\u00e3o definiu, na \u00faltima quarta-feira (26\/2), as diretrizes que v\u00e3o nortear a<strong>\u00a0elabora\u00e7\u00e3o do relat\u00f3rio e parecer pr\u00e9vio sobre as contas do presidente da Rep\u00fablica relativas a 2025<\/strong>.<\/p>\n<p>O trabalho \u00e9 enviado pelo TCU, a partir de meados de setembro do ano-base, \u00e0 Controladoria-Geral da Uni\u00e3o (CGU) e compreende lista n\u00e3o exaustiva dos programas que devem integrar a Presta\u00e7\u00e3o de Contas do Presidente da Rep\u00fablica (PCPR).<\/p>\n<p>Para aprimorar a complexa tarefa de examinar a PCPR, o\u00a0<strong>Tribunal prop\u00f4s a\u00e7\u00f5es<\/strong>\u00a0como a realiza\u00e7\u00e3o de levantamentos de dados e informa\u00e7\u00f5es relacionados com: a) aprimoramento do formato e do conte\u00fado do parecer pr\u00e9vio; b) \u00edndices e indicadores estrat\u00e9gicos; d) arrecada\u00e7\u00e3o das receitas federais; e) programa\u00e7\u00e3o e execu\u00e7\u00e3o or\u00e7ament\u00e1ria da Uni\u00e3o durante o exerc\u00edcio de 2025; e f) evolu\u00e7\u00e3o de metas e indicadores durante o exerc\u00edcio de 2025, aptos a descrever os principais resultados globais do governo federal.<\/p>\n<p>O trabalho tamb\u00e9m sugeriu a\u00a0<strong>realiza\u00e7\u00e3o de auditorias<\/strong>, junto aos \u00f3rg\u00e3os e entidades da administra\u00e7\u00e3o p\u00fablica federal, relativas a: i) programa\u00e7\u00e3o e execu\u00e7\u00e3o or\u00e7ament\u00e1ria da Uni\u00e3o e gest\u00e3o dos recursos p\u00fablicos federais durante o exerc\u00edcio de 2025; ii) verifica\u00e7\u00e3o do n\u00edvel de ader\u00eancia das opera\u00e7\u00f5es de endividamento ao Plano Anual de Financiamento e \u00e0s normas de direito financeiro; e iii) obten\u00e7\u00e3o de evid\u00eancias adequadas e suficientes para formar opini\u00e3o sobre as demonstra\u00e7\u00f5es cont\u00e1beis constantes no Balan\u00e7o Geral da Uni\u00e3o.<\/p>\n<p>Est\u00e3o inclu\u00eddas nas diretrizes a intera\u00e7\u00e3o com a \u00e1rea t\u00e9cnica da CGU para promover o aperfei\u00e7oamento da PCPR e a realiza\u00e7\u00e3o de monitoramento do atendimento \u00e0s recomenda\u00e7\u00f5es e aos alertas expressos pelo TCU quando da aprecia\u00e7\u00e3o das Contas do presidente da Rep\u00fablica at\u00e9 2024.<\/p>\n<p>O relator do processo \u00e9 o ministro Benjamin Zymler.<\/p>\n","protected":false},"excerpt":{"rendered":"<p>O Tribunal de contas da Uni\u00e3o definiu, na \u00faltima quarta-feira (26\/2), as diretrizes que v\u00e3o nortear a\u00a0elabora\u00e7\u00e3o do relat\u00f3rio e parecer pr\u00e9vio sobre as contas do presidente da Rep\u00fablica relativas a 2025. O trabalho \u00e9 enviado pelo TCU, a partir de meados de setembro do ano-base, \u00e0 Controladoria-Geral da Uni\u00e3o (CGU) e compreende lista n\u00e3o &hellip;<\/p>\n","protected":false},"author":1,"featured_media":108785,"comment_status":"open","ping_status":"open","sticky":false,"template":"","format":"standard","meta":{"footnotes":""},"categories":[7],"tags":[],"class_list":["post-134603","post","type-post","status-publish","format-standard","has-post-thumbnail","hentry","category-diversas"],"_links":{"self":[{"href":"https:\/\/iparaiba.com.br\/index.php\/wp-json\/wp\/v2\/posts\/134603","targetHints":{"allow":["GET"]}}],"collection":[{"href":"https:\/\/iparaiba.com.br\/index.php\/wp-json\/wp\/v2\/posts"}],"about":[{"href":"https:\/\/iparaiba.com.br\/index.php\/wp-json\/wp\/v2\/types\/post"}],"author":[{"embeddable":true,"href":"https:\/\/iparaiba.com.br\/index.php\/wp-json\/wp\/v2\/users\/1"}],"replies":[{"embeddable":true,"href":"https:\/\/iparaiba.com.br\/index.php\/wp-json\/wp\/v2\/comments?post=134603"}],"version-history":[{"count":1,"href":"https:\/\/iparaiba.com.br\/index.php\/wp-json\/wp\/v2\/posts\/134603\/revisions"}],"predecessor-version":[{"id":134626,"href":"https:\/\/iparaiba.com.br\/index.php\/wp-json\/wp\/v2\/posts\/134603\/revisions\/134626"}],"wp:featuredmedia":[{"embeddable":true,"href":"https:\/\/iparaiba.com.br\/index.php\/wp-json\/wp\/v2\/media\/108785"}],"wp:attachment":[{"href":"https:\/\/iparaiba.com.br\/index.php\/wp-json\/wp\/v2\/media?parent=134603"}],"wp:term":[{"taxonomy":"category","embeddable":true,"href":"https:\/\/iparaiba.com.br\/index.php\/wp-json\/wp\/v2\/categories?post=134603"},{"taxonomy":"post_tag","embeddable":true,"href":"https:\/\/iparaiba.com.br\/index.php\/wp-json\/wp\/v2\/tags?post=134603"}],"curies":[{"name":"wp","href":"https:\/\/api.w.org\/{rel}","templated":true}]}}