{"id":134601,"date":"2025-03-06T19:39:36","date_gmt":"2025-03-06T22:39:36","guid":{"rendered":"https:\/\/onordeste.com.br\/?p=134588"},"modified":"2025-03-06T19:39:36","modified_gmt":"2025-03-06T22:39:36","slug":"prf-divulga-balanco-da-operacao-carnaval","status":"publish","type":"post","link":"https:\/\/iparaiba.com.br\/index.php\/2025\/03\/06\/prf-divulga-balanco-da-operacao-carnaval\/","title":{"rendered":"PRF divulga balan\u00e7o da opera\u00e7\u00e3o Carnaval"},"content":{"rendered":"<p>A Pol\u00edcia Rodovi\u00e1ria Federal (PRF) na Para\u00edba divulga um balan\u00e7o parcial da Opera\u00e7\u00e3o Carnaval 2025, realizada entre os dias 24 de fevereiro e 2 de mar\u00e7o. Durante o per\u00edodo, a PRF intensificou a fiscaliza\u00e7\u00e3o nas rodovias federais do estado, com foco na preven\u00e7\u00e3o de acidentes e na garantia da seguran\u00e7a vi\u00e1ria dos usu\u00e1rios.<\/p>\n<p>Acidentes e V\u00edtimas:<\/p>\n<p>Foram registrados 33 acidentes, sendo 7 sem v\u00edtimas, 25 com feridos e 1 com v\u00edtima fatal. Uma pessoa morreu e 37 ficaram feridas. Trinta e uma pessoas sa\u00edram ilesas.<\/p>\n<p>Fiscaliza\u00e7\u00e3o e Autua\u00e7\u00f5es:<\/p>\n<p>A PRF realizou 1.913 testes de alcoolemia e fiscalizou 3.140 pessoas e 2.112 ve\u00edculos. As equipes da PRF tamb\u00e9m realizaram a\u00e7\u00f5es de combate ao crime, com \u00eanfase no tr\u00e1fico de drogas e armas. Foram lavrados 1.128 autos de infra\u00e7\u00e3o com abordagem e 779 sem abordagem. As principais autua\u00e7\u00f5es foram por excesso de velocidade, ultrapassagens indevidas e falta de equipamentos obrigat\u00f3rios.<\/p>\n<p>Outras Ocorr\u00eancias:<\/p>\n<p>A PRF registrou 26 ocorr\u00eancias policiais, com 21 pessoas detidas. Dentre as ocorr\u00eancias, destacam-se crimes de adultera\u00e7\u00e3o de ve\u00edculos, assalto a ve\u00edculo particular, crimes contra a vida e o patrim\u00f4nio, crimes de tr\u00e2nsito e tr\u00e1fico de entorpecentes.<\/p>\n<p>A\u00e7\u00f5es da PRF:<\/p>\n<p>Durante a Opera\u00e7\u00e3o Carnaval, a PRF intensificou as a\u00e7\u00f5es de fiscaliza\u00e7\u00e3o e educa\u00e7\u00e3o para o tr\u00e2nsito, com o objetivo de garantir a seguran\u00e7a dos usu\u00e1rios das rodovias federais. Est\u00e3o sendo realizadas campanhas educativas, palestras em terminais rodovi\u00e1rios e blitze de fiscaliza\u00e7\u00e3o.<\/p>\n<p>Efetivo e Recursos:<\/p>\n<p>A PRF empregou um efetivo total de 519 policiais, que atuaram em regime de escala durante o per\u00edodo da opera\u00e7\u00e3o.Al\u00e9m do efetivo humano, a PRF utilizou diversos recursos para garantir a efici\u00eancia da opera\u00e7\u00e3o, como viaturas, motocicletas, radares e etil\u00f4metros.<\/p>\n<p>Recomenda\u00e7\u00f5es da PRF:<\/p>\n<p>A PRF refor\u00e7a a import\u00e2ncia da dire\u00e7\u00e3o segura e da responsabilidade de cada motorista para evitar acidentes. \u00c9 fundamental respeitar os limites de velocidade, n\u00e3o dirigir ap\u00f3s consumir bebidas alco\u00f3licas, usar o cinto de seguran\u00e7a e realizar a manuten\u00e7\u00e3o preventiva do ve\u00edculo.<\/p>\n<p>Observa\u00e7\u00f5es:<\/p>\n<p>Precisando da PRF, ligue 191<\/p>\n","protected":false},"excerpt":{"rendered":"<p>A Pol\u00edcia Rodovi\u00e1ria Federal (PRF) na Para\u00edba divulga um balan\u00e7o parcial da Opera\u00e7\u00e3o Carnaval 2025, realizada entre os dias 24 de fevereiro e 2 de mar\u00e7o. Durante o per\u00edodo, a PRF intensificou a fiscaliza\u00e7\u00e3o nas rodovias federais do estado, com foco na preven\u00e7\u00e3o de acidentes e na garantia da seguran\u00e7a vi\u00e1ria dos usu\u00e1rios. Acidentes e &hellip;<\/p>\n","protected":false},"author":1,"featured_media":102107,"comment_status":"open","ping_status":"open","sticky":false,"template":"","format":"standard","meta":{"footnotes":""},"categories":[7],"tags":[],"class_list":["post-134601","post","type-post","status-publish","format-standard","has-post-thumbnail","hentry","category-diversas"],"_links":{"self":[{"href":"https:\/\/iparaiba.com.br\/index.php\/wp-json\/wp\/v2\/posts\/134601","targetHints":{"allow":["GET"]}}],"collection":[{"href":"https:\/\/iparaiba.com.br\/index.php\/wp-json\/wp\/v2\/posts"}],"about":[{"href":"https:\/\/iparaiba.com.br\/index.php\/wp-json\/wp\/v2\/types\/post"}],"author":[{"embeddable":true,"href":"https:\/\/iparaiba.com.br\/index.php\/wp-json\/wp\/v2\/users\/1"}],"replies":[{"embeddable":true,"href":"https:\/\/iparaiba.com.br\/index.php\/wp-json\/wp\/v2\/comments?post=134601"}],"version-history":[{"count":1,"href":"https:\/\/iparaiba.com.br\/index.php\/wp-json\/wp\/v2\/posts\/134601\/revisions"}],"predecessor-version":[{"id":134624,"href":"https:\/\/iparaiba.com.br\/index.php\/wp-json\/wp\/v2\/posts\/134601\/revisions\/134624"}],"wp:featuredmedia":[{"embeddable":true,"href":"https:\/\/iparaiba.com.br\/index.php\/wp-json\/wp\/v2\/media\/102107"}],"wp:attachment":[{"href":"https:\/\/iparaiba.com.br\/index.php\/wp-json\/wp\/v2\/media?parent=134601"}],"wp:term":[{"taxonomy":"category","embeddable":true,"href":"https:\/\/iparaiba.com.br\/index.php\/wp-json\/wp\/v2\/categories?post=134601"},{"taxonomy":"post_tag","embeddable":true,"href":"https:\/\/iparaiba.com.br\/index.php\/wp-json\/wp\/v2\/tags?post=134601"}],"curies":[{"name":"wp","href":"https:\/\/api.w.org\/{rel}","templated":true}]}}