{"id":134600,"date":"2025-03-06T17:00:53","date_gmt":"2025-03-06T20:00:53","guid":{"rendered":"https:\/\/onordeste.com.br\/?p=134586"},"modified":"2025-03-06T17:00:53","modified_gmt":"2025-03-06T20:00:53","slug":"projeto-cria-fundo-para-apoiar-criancas-com-deficiencia","status":"publish","type":"post","link":"https:\/\/iparaiba.com.br\/index.php\/2025\/03\/06\/projeto-cria-fundo-para-apoiar-criancas-com-deficiencia\/","title":{"rendered":"Projeto cria fundo para apoiar crian\u00e7as com defici\u00eancia"},"content":{"rendered":"<p>O Projeto de Lei 111\/25 cria um fundo nacional para financiar a assist\u00eancia \u00e0 sa\u00fade e a reabilita\u00e7\u00e3o f\u00edsica, neurol\u00f3gica e social de crian\u00e7as com defici\u00eancia. O texto est\u00e1 em an\u00e1lise na C\u00e2mara dos Deputados.<\/p>\n<p>De acordo com a proposta, o Fundo Nacional de Apoio \u00e0s Crian\u00e7as com Defici\u00eancia (FNACD) ser\u00e1 custeado por recursos da Uni\u00e3o e doa\u00e7\u00f5es. As empresas que doarem ao fundo poder\u00e3o abater at\u00e9 1,5% do Imposto de Renda devido.<\/p>\n<p>O FNACD ser\u00e1 administrado pelo Conselho Nacional dos Direitos da Pessoa com Defici\u00eancia (Conade).<\/p>\n<p>O autor do texto, deputado Thiago Flores (Republicanos-RO), disse que a iniciativa foi inspirada na\u00a0<a href=\"https:\/\/www2.camara.leg.br\/legin\/fed\/lei\/1991\/lei-8313-23-dezembro-1991-363660-norma-pl.html\">Lei Rouanet<\/a>\u00a0e \u201cpermitir\u00e1 o financiamento de projetos e programas de grande alcance social\u201d.<\/p>\n<p>A proposta tramita em <span id=\"4322\" class=\"termoGlossario\" title=\"\" contenteditable=\"false\" data-toggle=\"tooltip\" data-placement=\"top\" data-original-title=\"Rito de tramita\u00e7\u00e3o pelo qual o projeto \u00e9 votado apenas pelas comiss\u00f5es designadas para analis\u00e1-lo, dispensada a delibera\u00e7\u00e3o do Plen\u00e1rio. O projeto perde o car\u00e1ter conclusivo se houver decis\u00e3o divergente entre as comiss\u00f5es ou se, independentemente de ser aprovado ou rejeitado, houver recurso assinado por 52 deputados para a aprecia\u00e7\u00e3o da mat\u00e9ria no Plen\u00e1rio.\">car\u00e1ter conclusivo<\/span> e ser\u00e1 analisada pelas comiss\u00f5es de Previd\u00eancia, Assist\u00eancia Social, Inf\u00e2ncia, Adolesc\u00eancia e Fam\u00edlia; de Defesa dos Direitos das Pessoas com Defici\u00eancia; de Finan\u00e7as e Tributa\u00e7\u00e3o e de Constitui\u00e7\u00e3o e Justi\u00e7a e de Cidadania. Para virar lei, precisa ser aprovada na C\u00e2mara e no Senado.<\/p>\n<p>Ag\u00eancia C\u00e2mara<\/p>\n","protected":false},"excerpt":{"rendered":"<p>O Projeto de Lei 111\/25 cria um fundo nacional para financiar a assist\u00eancia \u00e0 sa\u00fade e a reabilita\u00e7\u00e3o f\u00edsica, neurol\u00f3gica e social de crian\u00e7as com defici\u00eancia. O texto est\u00e1 em an\u00e1lise na C\u00e2mara dos Deputados. De acordo com a proposta, o Fundo Nacional de Apoio \u00e0s Crian\u00e7as com Defici\u00eancia (FNACD) ser\u00e1 custeado por recursos da &hellip;<\/p>\n","protected":false},"author":1,"featured_media":123212,"comment_status":"open","ping_status":"open","sticky":false,"template":"","format":"standard","meta":{"footnotes":""},"categories":[18],"tags":[],"class_list":["post-134600","post","type-post","status-publish","format-standard","has-post-thumbnail","hentry","category-brasil"],"_links":{"self":[{"href":"https:\/\/iparaiba.com.br\/index.php\/wp-json\/wp\/v2\/posts\/134600","targetHints":{"allow":["GET"]}}],"collection":[{"href":"https:\/\/iparaiba.com.br\/index.php\/wp-json\/wp\/v2\/posts"}],"about":[{"href":"https:\/\/iparaiba.com.br\/index.php\/wp-json\/wp\/v2\/types\/post"}],"author":[{"embeddable":true,"href":"https:\/\/iparaiba.com.br\/index.php\/wp-json\/wp\/v2\/users\/1"}],"replies":[{"embeddable":true,"href":"https:\/\/iparaiba.com.br\/index.php\/wp-json\/wp\/v2\/comments?post=134600"}],"version-history":[{"count":1,"href":"https:\/\/iparaiba.com.br\/index.php\/wp-json\/wp\/v2\/posts\/134600\/revisions"}],"predecessor-version":[{"id":134623,"href":"https:\/\/iparaiba.com.br\/index.php\/wp-json\/wp\/v2\/posts\/134600\/revisions\/134623"}],"wp:featuredmedia":[{"embeddable":true,"href":"https:\/\/iparaiba.com.br\/index.php\/wp-json\/wp\/v2\/media\/123212"}],"wp:attachment":[{"href":"https:\/\/iparaiba.com.br\/index.php\/wp-json\/wp\/v2\/media?parent=134600"}],"wp:term":[{"taxonomy":"category","embeddable":true,"href":"https:\/\/iparaiba.com.br\/index.php\/wp-json\/wp\/v2\/categories?post=134600"},{"taxonomy":"post_tag","embeddable":true,"href":"https:\/\/iparaiba.com.br\/index.php\/wp-json\/wp\/v2\/tags?post=134600"}],"curies":[{"name":"wp","href":"https:\/\/api.w.org\/{rel}","templated":true}]}}