{"id":134580,"date":"2025-02-28T11:50:43","date_gmt":"2025-02-28T14:50:43","guid":{"rendered":"https:\/\/onordeste.com.br\/?p=134538"},"modified":"2025-02-28T11:50:43","modified_gmt":"2025-02-28T14:50:43","slug":"procon-municipal-vai-intensificar-fiscalizacao-de-fios-e-cabos","status":"publish","type":"post","link":"https:\/\/iparaiba.com.br\/index.php\/2025\/02\/28\/procon-municipal-vai-intensificar-fiscalizacao-de-fios-e-cabos\/","title":{"rendered":"Procon Municipal vai intensificar fiscaliza\u00e7\u00e3o de fios e cabos"},"content":{"rendered":"<p>\u00d3rg\u00e3o iniciar\u00e1 a operacionaliza\u00e7\u00e3o do Projeto de Reorganiza\u00e7\u00e3o dos Cabos de Telecomunica\u00e7\u00f5es na cidade, que foi firmado entre a Prefeitura e a Energisa Para\u00edba.<\/p>\n<p>Todas as empresas de telecomunica\u00e7\u00f5es de Campina Grande ter\u00e3o que se adequar ao ordenamento urban\u00edstico da Prefeitura Municipal a partir deste ano ou ter\u00e3o seus cabos e fios removidos dos postes da cidade. A nova medida, que visa garantir a seguran\u00e7a e a qualidade de vida da popula\u00e7\u00e3o, ser\u00e1 fiscalizada pelo Procon Municipal, conforme determinou o prefeito Bruno Cunha Lima, nessa quarta-feira, 26.<\/p>\n<p>Segundo o coordenador do Procon-CG, Waldeny Santana, o \u00f3rg\u00e3o iniciar\u00e1 a operacionaliza\u00e7\u00e3o do Projeto de Reorganiza\u00e7\u00e3o dos Cabos de Telecomunica\u00e7\u00f5es na cidade, que foi firmado entre a Prefeitura e a Energisa Para\u00edba, durante reuni\u00e3o na sede da Superintend\u00eancia de Tr\u00e2nsito e Transportes P\u00fablicos (STTP), com o objetivo refor\u00e7ar o compromisso da gest\u00e3o municipal em modernizar a infraestrutura urbana, garantindo mais organiza\u00e7\u00e3o e seguran\u00e7a para a popula\u00e7\u00e3o.<\/p>\n<p>\u201cO Procon-CG vai come\u00e7ar pela identifica\u00e7\u00e3o das empresas respons\u00e1veis pelos cabos desorganizados ou inutilizados que est\u00e3o amontoados nos postes da nossa cidade e notific\u00e1-las para que se regularizem\u201d, informou Waldeny Santana, acrescentando que o passo seguinte ser\u00e1 definir as \u00e1reas priorit\u00e1rias e promover a remo\u00e7\u00e3o dos cabos e fios de empresas que n\u00e3o atenderam ao chamamento do poder p\u00fablico.<\/p>\n<p><strong>O Plano<\/strong>\u00a0\u2013 O plano de trabalho do Projeto de Reorganiza\u00e7\u00e3o dos Cabos de Telecomunica\u00e7\u00f5es prev\u00ea, desde o levantamento do n\u00famero de empresas de telecomunica\u00e7\u00f5es em opera\u00e7\u00e3o em Campina Grande, um levantamento detalhado da situa\u00e7\u00e3o das fia\u00e7\u00f5es nos postes, seguido da notifica\u00e7\u00e3o das operadoras para que realizem os ajustes necess\u00e1rios. Caso as empresas n\u00e3o atendam \u00e0s exig\u00eancias dentro dos prazos estabelecidos, o Procon Municipal dever\u00e1 aplicar san\u00e7\u00f5es administrativas, quem inclui multas at\u00e9 a suspens\u00e3o das atividades da empresa.<\/p>\n<p>O Projeto de Reorganiza\u00e7\u00e3o dos Cabos foi alinhado pelo prefeito Bruno Cunha Lima com o diretor t\u00e9cnico e comercial da Energisa, F\u00e1bio Lancelotti; e o supervisor de Relacionamentos da empresa, Romulo Pereira Gomes, durante a mesma reuni\u00e3o, que tamb\u00e9m contou com as participa\u00e7\u00f5es do coordenador do Procon-CG, Waldeny Santana; e do secret\u00e1rio da Secretaria de Servi\u00e7os Urbanos e Meio Ambiente (Sesuma), Dorgival Vilar, entre outros representantes das duas institui\u00e7\u00f5es.<\/p>\n<p>Segundo o coordenador do Procon-CG, a inten\u00e7\u00e3o \u00e9 que os respons\u00e1veis pelos fios e cabos instalados nos postes atendam a nova legisla\u00e7\u00e3o, padronizando a instala\u00e7\u00e3o e manuten\u00e7\u00e3o de novos cabeamentos de energia el\u00e9trica e de telefonia, bem como fa\u00e7am a retirada dos cabos sem utiliza\u00e7\u00e3o, para reduzir riscos \u00e0 popula\u00e7\u00e3o.<\/p>\n<p><strong>Energisa<\/strong>\u00a0\u2013 O diretor t\u00e9cnico e comercial da Energisa, F\u00e1bio Lancelotti, informou que a empresa ir\u00e1 colaborar com a Prefeitura durante todo o processo e que vai iniciar um mapeamento para identificar todas as redes de telecomunica\u00e7\u00e3o instaladas nos postes da cidade para auxiliar o Procon Municipal no trabalho de identifica\u00e7\u00e3o das empresas com irregularidade.<\/p>\n<p>Al\u00e9m disso, o Procon-CG tamb\u00e9m continua a campanha para que os moradores da cidade denunciem a exist\u00eancia de fios e cabos soltos ou em desuso nos postes do Munic\u00edpio, pelo aplicativo da Prefeitura \u201cCampina com Voc\u00ea\u201d, na se\u00e7\u00e3o do Procon Municipal, um espa\u00e7o denominado Den\u00fancia de Fios Soltos. Nesse local as pessoas poder\u00e3o formalizar den\u00fancias, ajudando nesta a\u00e7\u00e3o.<\/p>\n<p>Com isso, o Procon Municipal poder\u00e1 atuar com mais celeridade na cobran\u00e7a pela regulariza\u00e7\u00e3o, garantindo que as empresas respons\u00e1veis pelos cabos e fios instalados nos postes de Campina Grande, fa\u00e7am os ajustes de forma eficiente. Com essa iniciativa, a expectativa \u00e9 que a cidade tenha um ambiente urbano mais seguro e organizado, assegurando tamb\u00e9m maior qualidade na presta\u00e7\u00e3o dos servi\u00e7os de telecomunica\u00e7\u00e3o, como determinou o prefeito Bruno Cunha Lima.<\/p>\n<p>Codecom<\/p>\n","protected":false},"excerpt":{"rendered":"<p>\u00d3rg\u00e3o iniciar\u00e1 a operacionaliza\u00e7\u00e3o do Projeto de Reorganiza\u00e7\u00e3o dos Cabos de Telecomunica\u00e7\u00f5es na cidade, que foi firmado entre a Prefeitura e a Energisa Para\u00edba. Todas as empresas de telecomunica\u00e7\u00f5es de Campina Grande ter\u00e3o que se adequar ao ordenamento urban\u00edstico da Prefeitura Municipal a partir deste ano ou ter\u00e3o seus cabos e fios removidos dos postes &hellip;<\/p>\n","protected":false},"author":1,"featured_media":106700,"comment_status":"open","ping_status":"open","sticky":false,"template":"","format":"standard","meta":{"footnotes":""},"categories":[15],"tags":[],"class_list":["post-134580","post","type-post","status-publish","format-standard","has-post-thumbnail","hentry","category-links"],"_links":{"self":[{"href":"https:\/\/iparaiba.com.br\/index.php\/wp-json\/wp\/v2\/posts\/134580","targetHints":{"allow":["GET"]}}],"collection":[{"href":"https:\/\/iparaiba.com.br\/index.php\/wp-json\/wp\/v2\/posts"}],"about":[{"href":"https:\/\/iparaiba.com.br\/index.php\/wp-json\/wp\/v2\/types\/post"}],"author":[{"embeddable":true,"href":"https:\/\/iparaiba.com.br\/index.php\/wp-json\/wp\/v2\/users\/1"}],"replies":[{"embeddable":true,"href":"https:\/\/iparaiba.com.br\/index.php\/wp-json\/wp\/v2\/comments?post=134580"}],"version-history":[{"count":0,"href":"https:\/\/iparaiba.com.br\/index.php\/wp-json\/wp\/v2\/posts\/134580\/revisions"}],"wp:featuredmedia":[{"embeddable":true,"href":"https:\/\/iparaiba.com.br\/index.php\/wp-json\/wp\/v2\/media\/106700"}],"wp:attachment":[{"href":"https:\/\/iparaiba.com.br\/index.php\/wp-json\/wp\/v2\/media?parent=134580"}],"wp:term":[{"taxonomy":"category","embeddable":true,"href":"https:\/\/iparaiba.com.br\/index.php\/wp-json\/wp\/v2\/categories?post=134580"},{"taxonomy":"post_tag","embeddable":true,"href":"https:\/\/iparaiba.com.br\/index.php\/wp-json\/wp\/v2\/tags?post=134580"}],"curies":[{"name":"wp","href":"https:\/\/api.w.org\/{rel}","templated":true}]}}