{"id":134577,"date":"2025-02-28T11:45:13","date_gmt":"2025-02-28T14:45:13","guid":{"rendered":"https:\/\/onordeste.com.br\/?p=134532"},"modified":"2025-02-28T11:45:13","modified_gmt":"2025-02-28T14:45:13","slug":"carnaval-da-paz-movimento-de-integracao-espirita-da-paraiba-miep","status":"publish","type":"post","link":"https:\/\/iparaiba.com.br\/index.php\/2025\/02\/28\/carnaval-da-paz-movimento-de-integracao-espirita-da-paraiba-miep\/","title":{"rendered":"Carnaval da Paz:  Movimento de Integra\u00e7\u00e3o Esp\u00edrita da Para\u00edba (MIEP)"},"content":{"rendered":"<p>Integrando a programa\u00e7\u00e3o oficial do Carnaval da Paz 2025, em Campina Grande, o Movimento de Integra\u00e7\u00e3o Esp\u00edrita da Para\u00edba (MIEP) chega a sua 52\u00aa edi\u00e7\u00e3o este ano. O evento acontece, mais uma vez, no Garden Hotel e ser\u00e1 aberto neste s\u00e1bado, 1\u00ba, seguindo at\u00e9 a ter\u00e7a-feira, 04 de mar\u00e7o.<\/p>\n<p>A palestra de abertura ter\u00e1 o tema \u2018Evangelho e Vida\u2019, com Orson Carrara. A partir do domingo, 02, as atividades seguem \u00a0nos tr\u00eas turnos.<br \/>\nAl\u00e9m de palestras e pain\u00e9is, teremos tamb\u00e9m apresenta\u00e7\u00f5es art\u00edsticas e os Miep Jovem, Miepinho e Miep Baby.<\/p>\n<p>As inscri\u00e7\u00f5es podem ser feitas pelo site da Associa\u00e7\u00e3o Municipal de Espiritismo de Campina Grande<br \/>\n(AME-CG), no endere\u00e7o: www.amecg.com.br, onde tamb\u00e9m est\u00e1 a programa\u00e7\u00e3o completa do evento.<\/p>\n<p>Codecom<\/p>\n","protected":false},"excerpt":{"rendered":"<p>Integrando a programa\u00e7\u00e3o oficial do Carnaval da Paz 2025, em Campina Grande, o Movimento de Integra\u00e7\u00e3o Esp\u00edrita da Para\u00edba (MIEP) chega a sua 52\u00aa edi\u00e7\u00e3o este ano. O evento acontece, mais uma vez, no Garden Hotel e ser\u00e1 aberto neste s\u00e1bado, 1\u00ba, seguindo at\u00e9 a ter\u00e7a-feira, 04 de mar\u00e7o. A palestra de abertura ter\u00e1 o &hellip;<\/p>\n","protected":false},"author":1,"featured_media":101482,"comment_status":"open","ping_status":"open","sticky":false,"template":"","format":"standard","meta":{"footnotes":""},"categories":[6],"tags":[],"class_list":["post-134577","post","type-post","status-publish","format-standard","has-post-thumbnail","hentry","category-destaques"],"_links":{"self":[{"href":"https:\/\/iparaiba.com.br\/index.php\/wp-json\/wp\/v2\/posts\/134577","targetHints":{"allow":["GET"]}}],"collection":[{"href":"https:\/\/iparaiba.com.br\/index.php\/wp-json\/wp\/v2\/posts"}],"about":[{"href":"https:\/\/iparaiba.com.br\/index.php\/wp-json\/wp\/v2\/types\/post"}],"author":[{"embeddable":true,"href":"https:\/\/iparaiba.com.br\/index.php\/wp-json\/wp\/v2\/users\/1"}],"replies":[{"embeddable":true,"href":"https:\/\/iparaiba.com.br\/index.php\/wp-json\/wp\/v2\/comments?post=134577"}],"version-history":[{"count":0,"href":"https:\/\/iparaiba.com.br\/index.php\/wp-json\/wp\/v2\/posts\/134577\/revisions"}],"wp:featuredmedia":[{"embeddable":true,"href":"https:\/\/iparaiba.com.br\/index.php\/wp-json\/wp\/v2\/media\/101482"}],"wp:attachment":[{"href":"https:\/\/iparaiba.com.br\/index.php\/wp-json\/wp\/v2\/media?parent=134577"}],"wp:term":[{"taxonomy":"category","embeddable":true,"href":"https:\/\/iparaiba.com.br\/index.php\/wp-json\/wp\/v2\/categories?post=134577"},{"taxonomy":"post_tag","embeddable":true,"href":"https:\/\/iparaiba.com.br\/index.php\/wp-json\/wp\/v2\/tags?post=134577"}],"curies":[{"name":"wp","href":"https:\/\/api.w.org\/{rel}","templated":true}]}}