{"id":134575,"date":"2025-03-02T18:45:12","date_gmt":"2025-03-02T21:45:12","guid":{"rendered":"https:\/\/onordeste.com.br\/?p=134574"},"modified":"2025-03-02T18:45:12","modified_gmt":"2025-03-02T21:45:12","slug":"stf-reafirma-que-defesa-de-ex-presidente-bolsonaro-teve-acesso-as-provas-que-embasam-denuncia","status":"publish","type":"post","link":"https:\/\/iparaiba.com.br\/index.php\/2025\/03\/02\/stf-reafirma-que-defesa-de-ex-presidente-bolsonaro-teve-acesso-as-provas-que-embasam-denuncia\/","title":{"rendered":"STF reafirma que defesa de ex-presidente Bolsonaro teve acesso \u00e0s provas que embasam den\u00fancia"},"content":{"rendered":"<p>Em resposta a requerimento, ministro Alexandre de Moraes destacou que advogados tiveram acesso a m\u00eddias e laudos que constam do processo principal e procedimentos relacionados.<\/p>\n<p>Em decis\u00e3o tomada nesta quinta-feira (27), o ministro Alexandre de Moraes, do Supremo Tribunal Federal (STF), reafirmou que a defesa do ex-presidente Jair Bolsonaro teve acesso amplo e integral a todas as provas documentadas nos autos do processo em que a Procuradoria-Geral da Rep\u00fablica (PGR) o acusa de crimes como tentativa de aboli\u00e7\u00e3o violenta do Estado Democr\u00e1tico de Direito, tentativa de golpe de Estado e organiza\u00e7\u00e3o criminosa armada.<\/p>\n<p>O ministro negou novo requerimento em que a defesa reiterava n\u00e3o ter tido acesso a todas as provas produzidas na investiga\u00e7\u00e3o, entre elas as m\u00eddias com as conversas entre o general da reserva M\u00e1rio Fernandes e o tenente-coronel e o ex-ajudante de ordens da Presid\u00eancia da Rep\u00fablica Mauro Cid, que fez acordo de colabora\u00e7\u00e3o premiada. Citou, ainda, dados extra\u00eddos de celulares e outros di\u00e1logos trazidos na den\u00fancia.<\/p>\n<p>De acordo com o ministro Alexandre de Moraes, todos os elementos de provas mencionadas pela defesa constam nos autos da Peti\u00e7\u00e3o (PET) 12100 (em que foi apresentada a den\u00fancia) e em procedimentos correlatos e foram disponibilizadas aos advogados. O ministro frisou que se trata das mesmas provas analisadas pela PGR.<\/p>\n<p>O ministro Alexandre ressaltou ainda que a Secretaria Judici\u00e1ria do STF disponibilizou todas as m\u00eddias relacionadas \u00e0 investiga\u00e7\u00e3o, inclusive constando nos autos a certifica\u00e7\u00e3o do recebimento por uma das advogadas do ex-presidente, al\u00e9m de relat\u00f3rios e laudos periciais.<\/p>\n<p>Leia a\u00a0<a href=\"https:\/\/noticias-stf-wp-prd.s3.sa-east-1.amazonaws.com\/wp-content\/uploads\/wpallimport\/uploads\/2025\/02\/27194919\/Despacho-PET-12100-AcessoaProvas.pdf\" data-type=\"URL\" data-id=\"https:\/\/noticias-stf-wp-prd.s3.sa-east-1.amazonaws.com\/wp-content\/uploads\/wpallimport\/uploads\/2025\/02\/27194919\/Despacho-PET-12100-AcessoaProvas.pdf\"><strong>\u00edntegra da decis\u00e3o.<\/strong><\/a><\/p>\n","protected":false},"excerpt":{"rendered":"<p>Em resposta a requerimento, ministro Alexandre de Moraes destacou que advogados tiveram acesso a m\u00eddias e laudos que constam do processo principal e procedimentos relacionados. Em decis\u00e3o tomada nesta quinta-feira (27), o ministro Alexandre de Moraes, do Supremo Tribunal Federal (STF), reafirmou que a defesa do ex-presidente Jair Bolsonaro teve acesso amplo e integral a &hellip;<\/p>\n","protected":false},"author":1,"featured_media":97661,"comment_status":"open","ping_status":"open","sticky":false,"template":"","format":"standard","meta":{"footnotes":""},"categories":[9],"tags":[],"class_list":["post-134575","post","type-post","status-publish","format-standard","has-post-thumbnail","hentry","category-justica"],"_links":{"self":[{"href":"https:\/\/iparaiba.com.br\/index.php\/wp-json\/wp\/v2\/posts\/134575","targetHints":{"allow":["GET"]}}],"collection":[{"href":"https:\/\/iparaiba.com.br\/index.php\/wp-json\/wp\/v2\/posts"}],"about":[{"href":"https:\/\/iparaiba.com.br\/index.php\/wp-json\/wp\/v2\/types\/post"}],"author":[{"embeddable":true,"href":"https:\/\/iparaiba.com.br\/index.php\/wp-json\/wp\/v2\/users\/1"}],"replies":[{"embeddable":true,"href":"https:\/\/iparaiba.com.br\/index.php\/wp-json\/wp\/v2\/comments?post=134575"}],"version-history":[{"count":1,"href":"https:\/\/iparaiba.com.br\/index.php\/wp-json\/wp\/v2\/posts\/134575\/revisions"}],"predecessor-version":[{"id":134598,"href":"https:\/\/iparaiba.com.br\/index.php\/wp-json\/wp\/v2\/posts\/134575\/revisions\/134598"}],"wp:featuredmedia":[{"embeddable":true,"href":"https:\/\/iparaiba.com.br\/index.php\/wp-json\/wp\/v2\/media\/97661"}],"wp:attachment":[{"href":"https:\/\/iparaiba.com.br\/index.php\/wp-json\/wp\/v2\/media?parent=134575"}],"wp:term":[{"taxonomy":"category","embeddable":true,"href":"https:\/\/iparaiba.com.br\/index.php\/wp-json\/wp\/v2\/categories?post=134575"},{"taxonomy":"post_tag","embeddable":true,"href":"https:\/\/iparaiba.com.br\/index.php\/wp-json\/wp\/v2\/tags?post=134575"}],"curies":[{"name":"wp","href":"https:\/\/api.w.org\/{rel}","templated":true}]}}