{"id":134574,"date":"2025-03-02T16:00:25","date_gmt":"2025-03-02T19:00:25","guid":{"rendered":"https:\/\/onordeste.com.br\/?p=134572"},"modified":"2025-03-02T16:00:25","modified_gmt":"2025-03-02T19:00:25","slug":"supremo-reafirma-soberania-do-brasil-e-independencia-do-judiciario","status":"publish","type":"post","link":"https:\/\/iparaiba.com.br\/index.php\/2025\/03\/02\/supremo-reafirma-soberania-do-brasil-e-independencia-do-judiciario\/","title":{"rendered":"Supremo reafirma soberania do Brasil e independ\u00eancia do Judici\u00e1rio"},"content":{"rendered":"<p>Segundo ministro Lu\u00eds Roberto Barroso, Tribunal continuar\u00e1 a cumprir seu papel de guardi\u00e3o da Constitui\u00e7\u00e3o e da democracia. J\u00e1 o ministro Alexandre de Moraes lembrou que \u201cBrasil deixou de ser col\u00f4nia em 7 de setembro de 1822\u201d<\/p>\n<p>Na sess\u00e3o desta quinta-feira (27), o ministro Alexandre de Moraes defendeu o compromisso do Supremo Tribunal Federal (STF) com a defesa da democracia, da igualdade entre as na\u00e7\u00f5es, da soberania do Brasil e da independ\u00eancia do Poder Judici\u00e1rio. \u201cDeixamos de ser col\u00f4nia em 7 de setembro de 1822. E com coragem estamos construindo uma Rep\u00fablica independente e cada vez melhor\u201d, disse.<\/p>\n<p>O ministro lembrou que h\u00e1 73 anos, em 27 de fevereiro de 1952, foi realizada a primeira reuni\u00e3o da Organiza\u00e7\u00e3o das Na\u00e7\u00f5es Unidas (ONU) em sua sede permanente, em Nova Iorque. \u201cHoje, os 193 Estados-membros e os dois Estados observadores permanecem com o mesmo ide\u00e1rio daquela \u00e9poca: a luta contra o fascismo, o nazismo e o imperialismo em todas suas formas, presencial e virtual, e tamb\u00e9m a defesa da democracia e a consagra\u00e7\u00e3o dos direitos humanos, sem discrimina\u00e7\u00e3o, coa\u00e7\u00e3o ou hierarquia entre estados\u201d.<\/p>\n<h5 class=\"wp-block-heading\"><strong>Democracia<\/strong><\/h5>\n<p>O presidente do Supremo, ministro Lu\u00eds Roberto Barroso, relembrou que o pa\u00eds evitou o colapso das institui\u00e7\u00f5es e um golpe de estado em 8 de janeiro de 2023. \u201cA tentativa de fazer prevalecer a narrativa dos que apoiaram um golpe fracassado n\u00e3o haver\u00e1 de prevalecer entre as pessoas verdadeiramente de bem e democratas, e o STF continuar\u00e1 a cumprir o seu papel de guardi\u00e3o da Constitui\u00e7\u00e3o Federal e da democracia\u201d, afirmou. \u201cN\u00e3o tememos a verdade e muito menos a mentira\u201d.<\/p>\n","protected":false},"excerpt":{"rendered":"<p>Segundo ministro Lu\u00eds Roberto Barroso, Tribunal continuar\u00e1 a cumprir seu papel de guardi\u00e3o da Constitui\u00e7\u00e3o e da democracia. J\u00e1 o ministro Alexandre de Moraes lembrou que \u201cBrasil deixou de ser col\u00f4nia em 7 de setembro de 1822\u201d Na sess\u00e3o desta quinta-feira (27), o ministro Alexandre de Moraes defendeu o compromisso do Supremo Tribunal Federal (STF) &hellip;<\/p>\n","protected":false},"author":1,"featured_media":107888,"comment_status":"open","ping_status":"open","sticky":false,"template":"","format":"standard","meta":{"footnotes":""},"categories":[10],"tags":[],"class_list":["post-134574","post","type-post","status-publish","format-standard","has-post-thumbnail","hentry","category-manchetes"],"_links":{"self":[{"href":"https:\/\/iparaiba.com.br\/index.php\/wp-json\/wp\/v2\/posts\/134574","targetHints":{"allow":["GET"]}}],"collection":[{"href":"https:\/\/iparaiba.com.br\/index.php\/wp-json\/wp\/v2\/posts"}],"about":[{"href":"https:\/\/iparaiba.com.br\/index.php\/wp-json\/wp\/v2\/types\/post"}],"author":[{"embeddable":true,"href":"https:\/\/iparaiba.com.br\/index.php\/wp-json\/wp\/v2\/users\/1"}],"replies":[{"embeddable":true,"href":"https:\/\/iparaiba.com.br\/index.php\/wp-json\/wp\/v2\/comments?post=134574"}],"version-history":[{"count":1,"href":"https:\/\/iparaiba.com.br\/index.php\/wp-json\/wp\/v2\/posts\/134574\/revisions"}],"predecessor-version":[{"id":134597,"href":"https:\/\/iparaiba.com.br\/index.php\/wp-json\/wp\/v2\/posts\/134574\/revisions\/134597"}],"wp:featuredmedia":[{"embeddable":true,"href":"https:\/\/iparaiba.com.br\/index.php\/wp-json\/wp\/v2\/media\/107888"}],"wp:attachment":[{"href":"https:\/\/iparaiba.com.br\/index.php\/wp-json\/wp\/v2\/media?parent=134574"}],"wp:term":[{"taxonomy":"category","embeddable":true,"href":"https:\/\/iparaiba.com.br\/index.php\/wp-json\/wp\/v2\/categories?post=134574"},{"taxonomy":"post_tag","embeddable":true,"href":"https:\/\/iparaiba.com.br\/index.php\/wp-json\/wp\/v2\/tags?post=134574"}],"curies":[{"name":"wp","href":"https:\/\/api.w.org\/{rel}","templated":true}]}}