{"id":134572,"date":"2025-03-02T14:00:37","date_gmt":"2025-03-02T17:00:37","guid":{"rendered":"https:\/\/onordeste.com.br\/?p=134568"},"modified":"2025-03-02T14:00:37","modified_gmt":"2025-03-02T17:00:37","slug":"assembleia-deve-escolher-novo-conselheiro-do-tce-apos-o-carnaval","status":"publish","type":"post","link":"https:\/\/iparaiba.com.br\/index.php\/2025\/03\/02\/assembleia-deve-escolher-novo-conselheiro-do-tce-apos-o-carnaval\/","title":{"rendered":"Assembleia deve escolher novo conselheiro do TCE ap\u00f3s o Carnaval"},"content":{"rendered":"<p>A escolha para o novo conselheiro do Tribunal de Contas do Estado pela Assebleia dever\u00e1 acontecer ap\u00f3s 10 de mar\u00e7o. A informa\u00e7\u00e3o foi do deputado Adriano Galdino.<\/p>\n<p>\u201cN\u00f3s vamos debater para que a gente possa superar esse cap\u00edtulo de maneira muito tranquila, em paz. E apresentar, assim, o nosso nome para o Tribunal de Contas\u201d, confirmou Galdino.<\/p>\n<p>Segundo Galdino, \u201cser\u00e1 uma elei\u00e7\u00e3o tranquila, porque a Assembleia est\u00e1 acostumada com os grandes debates\u201d. E lembrou que apesar de sempre ter discuss\u00e3o, \u201csempre tem diverg\u00eancias\u201d.<\/p>\n<p>E arrematou: \u201c\u00c9 uma Casa plural, uma Casa que tem muitos pensamentos divergentes e convergentes. Mas, no final de tudo, que respeita a decis\u00e3o da maioria.\u201d<\/p>\n<p>O pr\u00f3ximo conselheiro ir\u00e1 ocupar a vaga deixada pelo ex-conselheiro Arthur Cunha Lima, que foi aposentado de forma compuls\u00f3ria no final do ano passado. E a vaga dever\u00e1 ser preenchida por um deputado estadual.<\/p>\n<p>At\u00e9 o momento, s\u00e3o pretensos candidatos ao posto os deputads: deputado estadual Bosco Carneiro (Republicanos), Hervazio Bezerra (PSB), Jutay Meneses (Republicanos), Michel Henrique (Republicanos), Taciano Diniz (Uni\u00e3o Brasil) e\u00a0 Ti\u00e3o Gomes (PSB). Pelo se comenta nos bastidores, Ti\u00e3o teria o apoio de Galdino.<\/p>\n<p><a href=\"https:\/\/heldermoura.com.br\/ha-6-candidatos-assembleia-deve-escolher-novo-conselheiro-do-tce-apos-o-carnaval-diz-galdino\/\">H\u00c1 6 CANDIDATOS Assembleia deve escolher novo conselheiro do TCE ap\u00f3s o Carnaval, diz Galdino &#8211; Helder Moura<\/a><\/p>\n","protected":false},"excerpt":{"rendered":"<p>A escolha para o novo conselheiro do Tribunal de Contas do Estado pela Assebleia dever\u00e1 acontecer ap\u00f3s 10 de mar\u00e7o. A informa\u00e7\u00e3o foi do deputado Adriano Galdino. \u201cN\u00f3s vamos debater para que a gente possa superar esse cap\u00edtulo de maneira muito tranquila, em paz. E apresentar, assim, o nosso nome para o Tribunal de Contas\u201d, &hellip;<\/p>\n","protected":false},"author":1,"featured_media":98622,"comment_status":"open","ping_status":"open","sticky":false,"template":"","format":"standard","meta":{"footnotes":""},"categories":[8],"tags":[],"class_list":["post-134572","post","type-post","status-publish","format-standard","has-post-thumbnail","hentry","category-politica"],"_links":{"self":[{"href":"https:\/\/iparaiba.com.br\/index.php\/wp-json\/wp\/v2\/posts\/134572","targetHints":{"allow":["GET"]}}],"collection":[{"href":"https:\/\/iparaiba.com.br\/index.php\/wp-json\/wp\/v2\/posts"}],"about":[{"href":"https:\/\/iparaiba.com.br\/index.php\/wp-json\/wp\/v2\/types\/post"}],"author":[{"embeddable":true,"href":"https:\/\/iparaiba.com.br\/index.php\/wp-json\/wp\/v2\/users\/1"}],"replies":[{"embeddable":true,"href":"https:\/\/iparaiba.com.br\/index.php\/wp-json\/wp\/v2\/comments?post=134572"}],"version-history":[{"count":1,"href":"https:\/\/iparaiba.com.br\/index.php\/wp-json\/wp\/v2\/posts\/134572\/revisions"}],"predecessor-version":[{"id":134596,"href":"https:\/\/iparaiba.com.br\/index.php\/wp-json\/wp\/v2\/posts\/134572\/revisions\/134596"}],"wp:featuredmedia":[{"embeddable":true,"href":"https:\/\/iparaiba.com.br\/index.php\/wp-json\/wp\/v2\/media\/98622"}],"wp:attachment":[{"href":"https:\/\/iparaiba.com.br\/index.php\/wp-json\/wp\/v2\/media?parent=134572"}],"wp:term":[{"taxonomy":"category","embeddable":true,"href":"https:\/\/iparaiba.com.br\/index.php\/wp-json\/wp\/v2\/categories?post=134572"},{"taxonomy":"post_tag","embeddable":true,"href":"https:\/\/iparaiba.com.br\/index.php\/wp-json\/wp\/v2\/tags?post=134572"}],"curies":[{"name":"wp","href":"https:\/\/api.w.org\/{rel}","templated":true}]}}